{"id":97862,"date":"2026-05-03T15:36:41","date_gmt":"2026-05-03T13:36:41","guid":{"rendered":"https:\/\/jugulajm.net\/?p=97862"},"modified":"2026-05-03T15:37:46","modified_gmt":"2026-05-03T13:37:46","slug":"policia-jep-detaje-nga-aksidenti-ku-2-femije-humben-jeten-dhe-1-tjete-u-plagos","status":"publish","type":"post","link":"https:\/\/jugulajm.net\/?p=97862","title":{"rendered":"Policia jep detaje nga aksidenti, ku 2 f\u00ebmij\u00eb humb\u00ebn jet\u00ebn dhe 1 tjet\u00ebr u plagos"},"content":{"rendered":"<p>Policia e Shtetit ka dal\u00eb me nj\u00eb deklarat\u00eb shtypi p\u00ebr aksidentin e tmerrsh\u00ebm t\u00eb ndodhur para disa minutave, ku fatkeq\u00ebsisht humb\u00ebn jet\u00ebn dy f\u00ebmij\u00eb t\u00eb mitur dhe nj\u00eb tjet\u00ebr gjendet i plagosur r\u00ebnd\u00eb n\u00eb spitalin e Durr\u00ebsit.<\/p>\n<p><strong>Njoftimi i policis\u00eb:<\/strong><\/p>\n<p>Rreth or\u00ebs 14:20, n\u00eb lagjen nr. 15 t\u00eb Durr\u00ebsit, nj\u00eb automjet i drejtuar nga shtetasi N. R., rreth 57 vje\u00e7, ka aksidentuar tre f\u00ebmij\u00eb t\u00eb mitur, t\u00eb mosh\u00ebs rreth 10 vje\u00e7. Ngjarja ka ndodhur n\u00eb or\u00ebn e mesdit\u00ebs, nd\u00ebrsa informacioni i publikuar nga vendngjarja \u00ebsht\u00eb paraprak.<\/p>\n<p>Si pasoj\u00eb e aksidentit, dy nga f\u00ebmij\u00ebt e p\u00ebrfshir\u00eb kan\u00eb nd\u00ebrruar jet\u00eb. I mituri i tret\u00eb ndodhet n\u00eb gjendje t\u00eb r\u00ebnd\u00eb dhe po transportohet drejt Tiran\u00ebs p\u00ebr ndihm\u00eb m\u00eb t\u00eb specializuar mjek\u00ebsore. Nuk jepen detaje shtes\u00eb rreth identiteteve t\u00eb t\u00eb miturve apo rrethanave t\u00eb tyre personale.<\/p>\n<p>Drejtuesi i automjetit, i identifikuar si N. R., \u00ebsht\u00eb shoq\u00ebruar n\u00eb Komisariat p\u00ebr veprime t\u00eb m\u00ebtejshme nga forcat e rendit. Autoritetet lokale kan\u00eb marr\u00eb n\u00eb dor\u00eb procedurat e para, nd\u00ebrsa grupi hetimor ndodhet n\u00eb vendngjarje dhe po punon p\u00ebr zbardhjen e plot\u00eb t\u00eb rrethanave t\u00eb aksidentit.<\/p>\n<p>N\u00eb vendin e ngjarjes po zhvillohen veprime hetimore dhe priten verifikime t\u00eb m\u00ebtejshme p\u00ebr t\u00eb sqaruar shkaqet dhe dinamik\u00ebn e aksidentit. Deri m\u00eb tani, informacioni zyrtar i disponuesh\u00ebm mbetet paraprak dhe policia dhe grupet e hetimit po vijojn\u00eb mbledhjen e provave dhe d\u00ebshmive n\u00eb vendngjarje.<\/p>\n<p>Nuk jan\u00eb dh\u00ebn\u00eb deklarata shtes\u00eb zyrtare lidhur me procedurat q\u00eb do t\u00eb ndiqen, si dhe nuk ka informacione shtes\u00eb rreth gjendjes s\u00eb t\u00eb miturit t\u00eb d\u00ebrguar n\u00eb spitalin e Tiran\u00ebs, p\u00ebrtej faktit se ai po transportohet p\u00ebr ndihm\u00eb m\u00eb t\u00eb specializuar. Autoritetet lokale dhe hetimore vazhdojn\u00eb pun\u00ebn p\u00ebr t\u00eb p\u00ebrcaktuar t\u00eb gjitha rrethanat dhe p\u00ebr t\u00eb p\u00ebrgatitur materialet p\u00ebr veprime t\u00eb m\u00ebtejshme ligjore. Burimi i informacionit \u00ebsht\u00eb i karakterit paraprak dhe mund t\u2019i n\u00ebnshtrohet p\u00ebrdit\u00ebsimeve nga strukturat p\u00ebrkat\u00ebse.<\/p>\n","protected":false},"excerpt":{"rendered":"<p>Policia e Shtetit ka dal\u00eb me nj\u00eb deklarat\u00eb shtypi p\u00ebr aksidentin e tmerrsh\u00ebm t\u00eb ndodhur para disa minutave, ku fatkeq\u00ebsisht humb\u00ebn jet\u00ebn dy f\u00ebmij\u00eb t\u00eb mitur dhe nj\u00eb tjet\u00ebr gjendet i plagosur r\u00ebnd\u00eb n\u00eb spitalin e Durr\u00ebsit. Njoftimi i policis\u00eb: Rreth or\u00ebs 14:20, n\u00eb lagjen nr. 15 t\u00eb Durr\u00ebsit, nj\u00eb automjet i drejtuar nga shtetasi [&hellip;]<\/p>\n","protected":false},"author":5,"featured_media":56554,"comment_status":"closed","ping_status":"closed","sticky":false,"template":"","format":"standard","meta":{"footnotes":""},"categories":[1,6332,29228],"tags":[22962,9441,28696,25543,41308],"class_list":{"0":"post-97862","1":"post","2":"type-post","3":"status-publish","4":"format-standard","5":"has-post-thumbnail","7":"category-aktualitet","8":"category-te-fundit","9":"category-vendi","10":"tag-1-i-plagosur","11":"tag-aksidenti","12":"tag-detaje","13":"tag-policia","14":"tag-vdesin-2-femije"},"_links":{"self":[{"href":"https:\/\/jugulajm.net\/index.php?rest_route=\/wp\/v2\/posts\/97862","targetHints":{"allow":["GET"]}}],"collection":[{"href":"https:\/\/jugulajm.net\/index.php?rest_route=\/wp\/v2\/posts"}],"about":[{"href":"https:\/\/jugulajm.net\/index.php?rest_route=\/wp\/v2\/types\/post"}],"author":[{"embeddable":true,"href":"https:\/\/jugulajm.net\/index.php?rest_route=\/wp\/v2\/users\/5"}],"replies":[{"embeddable":true,"href":"https:\/\/jugulajm.net\/index.php?rest_route=%2Fwp%2Fv2%2Fcomments&post=97862"}],"version-history":[{"count":3,"href":"https:\/\/jugulajm.net\/index.php?rest_route=\/wp\/v2\/posts\/97862\/revisions"}],"predecessor-version":[{"id":97865,"href":"https:\/\/jugulajm.net\/index.php?rest_route=\/wp\/v2\/posts\/97862\/revisions\/97865"}],"wp:featuredmedia":[{"embeddable":true,"href":"https:\/\/jugulajm.net\/index.php?rest_route=\/wp\/v2\/media\/56554"}],"wp:attachment":[{"href":"https:\/\/jugulajm.net\/index.php?rest_route=%2Fwp%2Fv2%2Fmedia&parent=97862"}],"wp:term":[{"taxonomy":"category","embeddable":true,"href":"https:\/\/jugulajm.net\/index.php?rest_route=%2Fwp%2Fv2%2Fcategories&post=97862"},{"taxonomy":"post_tag","embeddable":true,"href":"https:\/\/jugulajm.net\/index.php?rest_route=%2Fwp%2Fv2%2Ftags&post=97862"}],"curies":[{"name":"wp","href":"https:\/\/api.w.org\/{rel}","templated":true}]}}