{"id":97850,"date":"2026-05-03T11:40:19","date_gmt":"2026-05-03T09:40:19","guid":{"rendered":"https:\/\/jugulajm.net\/?p=97850"},"modified":"2026-05-03T11:40:19","modified_gmt":"2026-05-03T09:40:19","slug":"kryeministri-rama-shqiperia-do-te-furnizohet-me-gaz-amerikan-per-20-vjet","status":"publish","type":"post","link":"https:\/\/jugulajm.net\/?p=97850","title":{"rendered":"Kryeministri Rama: Shqip\u00ebria do t\u00eb furnizohet me gaz amerikan p\u00ebr 20 vjet"},"content":{"rendered":"<p>Kryeministri Edi Rama deklaroi se Shqip\u00ebria ka hedhur nj\u00eb hap t\u00eb r\u00ebnd\u00ebsish\u00ebm drejt forcimit t\u00eb siguris\u00eb dhe pavar\u00ebsis\u00eb energjetike, p\u00ebrmes nj\u00eb marr\u00ebveshjeje strategjike bashk\u00ebpunimi me Shtetet e Bashkuara t\u00eb Amerik\u00ebs.<\/p>\n<div class=\"jeg_ad jeg_ad_article jnews_content_inline_ads  \">\n<div class=\"ads-wrapper align-center \">\n<div class=\"ads_code\">N\u00eb sh\u00ebnimet e tij t\u00eb jav\u00eb n\u00eb Podkastin \u201cFlasim\u201d, kreu i qeverise u shpreh se marr\u00ebveshja parashikon zhvillimin e Qendra Energjetike e Vlor\u00ebs dhe furnizimin e Shqip\u00ebris\u00eb me gaz natyror t\u00eb l\u00ebngsh\u00ebm (LNG) p\u00ebr nj\u00eb periudh\u00eb 20-vje\u00e7are.<\/div>\n<\/div>\n<\/div>\n<div class=\"jeg_ad jeg_ad_article jnews_content_inline_2_ads  \">\n<div class=\"ads-wrapper align-center \">\n<div class=\"ads_code\">Rama theksoi se projekti lidhet me transformimin e TEC-it t\u00eb Vlor\u00ebs, i cili fillimisht ishte konceptuar p\u00ebr t\u00eb punuar me naft\u00eb, por q\u00eb do t\u00eb p\u00ebrshtatet p\u00ebr p\u00ebrdorimin e gazit natyror, duke u kthyer n\u00eb nj\u00eb burim t\u00eb q\u00ebndruesh\u00ebm t\u00eb prodhimit t\u00eb energjis\u00eb elektrike.<\/div>\n<\/div>\n<\/div>\n<p>\u201cN\u00ebnshkruam nj\u00eb marr\u00ebveshje strategjike bashk\u00ebpunimi p\u00ebr zhvillimin e Qendr\u00ebs Energjetike t\u00eb Vlor\u00ebs dhe furnizimin me gaz t\u00eb l\u00ebngsh\u00ebm natyror t\u00eb Shqip\u00ebris\u00eb, n\u00eb partneritet t\u00eb ngusht\u00eb me Shtetet e Bashkuara t\u00eb Amerik\u00ebs.<\/p>\n<p>Pas investimit dometh\u00ebn\u00ebs p\u00ebr plot\u00ebsimin dhe transformimin e TEC-it t\u00eb Vlor\u00ebs, nj\u00eb struktur\u00eb e cila ka nevoj\u00eb t\u00eb plot\u00ebsohet me komponent tjet\u00ebr, por q\u00eb ishte nd\u00ebrtuar t\u00eb punonte me naft\u00eb dhe do t\u00eb punoj\u00eb n\u00eb fakt me gaz, Shqip\u00ebria do t\u00eb furnizohet me gazin e l\u00ebngsh\u00ebm amerikan p\u00ebr nj\u00eb periudh\u00eb 20 vje\u00e7are dhe p\u00ebrmes TEC-it t\u00eb Vlor\u00ebs do t\u00eb prodhoj\u00eb energji elektrike, duke krijuar nj\u00eb baz\u00eb t\u00eb q\u00ebndrueshme p\u00ebr portofolin e diversifikuar t\u00eb sovranitetit t\u00eb saj energjetik.<\/p>\n<p>Bashk\u00eb me k\u00ebt\u00eb burim energjie do t\u00eb rritet ndjesh\u00ebm edhe volumi i investimeve t\u00eb reja, si edhe kapaciteti i Shqip\u00ebris\u00eb p\u00ebr t\u00eb ushqyer me energji qendrat kompjuterike t\u00eb t\u00eb dh\u00ebnave apo programet e inteligjenc\u00ebs artificiale, q\u00eb do t\u00eb p\u00ebrcaktojn\u00eb dekad\u00ebn e ardhshme.<\/p>\n<div><ins id=\"revive-0-35\" data-revive-zoneid=\"1015\" data-revive-id=\"0a5067886004a72d5b41c8f4bd9c2af9\" data-revive-seq=\"35\" data-revive-loaded=\"1\">Vlora do t\u00eb kthehet k\u00ebsisoj n\u00eb nj\u00eb nyje t\u00eb r\u00ebnd\u00ebsishme, qoft\u00eb p\u00ebr shfryt\u00ebzimin, por qoft\u00eb edhe p\u00ebr eksportin e gazit p\u00ebrmes Tap-it, sepse pjes\u00eb e k\u00ebsaj marr\u00ebveshje \u00ebsht\u00eb dhe investimi p\u00ebr lidhjen me tubacion t\u00eb Vlor\u00ebs me Fierin ku ndodhet dhe gazsjell\u00ebsi Transadriatik\u201d, tha Rama.<\/p>\n<p><\/ins><\/div>\n","protected":false},"excerpt":{"rendered":"<p>Kryeministri Edi Rama deklaroi se Shqip\u00ebria ka hedhur nj\u00eb hap t\u00eb r\u00ebnd\u00ebsish\u00ebm drejt forcimit t\u00eb siguris\u00eb dhe pavar\u00ebsis\u00eb energjetike, p\u00ebrmes nj\u00eb marr\u00ebveshjeje strategjike bashk\u00ebpunimi me Shtetet e Bashkuara t\u00eb Amerik\u00ebs. N\u00eb sh\u00ebnimet e tij t\u00eb jav\u00eb n\u00eb Podkastin \u201cFlasim\u201d, kreu i qeverise u shpreh se marr\u00ebveshja parashikon zhvillimin e Qendra Energjetike e Vlor\u00ebs dhe furnizimin [&hellip;]<\/p>\n","protected":false},"author":5,"featured_media":95631,"comment_status":"closed","ping_status":"closed","sticky":false,"template":"","format":"standard","meta":{"footnotes":""},"categories":[6327,6332],"tags":[9653,41301,22471,33275],"class_list":{"0":"post-97850","1":"post","2":"type-post","3":"status-publish","4":"format-standard","5":"has-post-thumbnail","7":"category-ekonomi","8":"category-te-fundit","9":"tag-amerika","10":"tag-gazi","11":"tag-rama","12":"tag-shqiperia"},"_links":{"self":[{"href":"https:\/\/jugulajm.net\/index.php?rest_route=\/wp\/v2\/posts\/97850","targetHints":{"allow":["GET"]}}],"collection":[{"href":"https:\/\/jugulajm.net\/index.php?rest_route=\/wp\/v2\/posts"}],"about":[{"href":"https:\/\/jugulajm.net\/index.php?rest_route=\/wp\/v2\/types\/post"}],"author":[{"embeddable":true,"href":"https:\/\/jugulajm.net\/index.php?rest_route=\/wp\/v2\/users\/5"}],"replies":[{"embeddable":true,"href":"https:\/\/jugulajm.net\/index.php?rest_route=%2Fwp%2Fv2%2Fcomments&post=97850"}],"version-history":[{"count":1,"href":"https:\/\/jugulajm.net\/index.php?rest_route=\/wp\/v2\/posts\/97850\/revisions"}],"predecessor-version":[{"id":97851,"href":"https:\/\/jugulajm.net\/index.php?rest_route=\/wp\/v2\/posts\/97850\/revisions\/97851"}],"wp:featuredmedia":[{"embeddable":true,"href":"https:\/\/jugulajm.net\/index.php?rest_route=\/wp\/v2\/media\/95631"}],"wp:attachment":[{"href":"https:\/\/jugulajm.net\/index.php?rest_route=%2Fwp%2Fv2%2Fmedia&parent=97850"}],"wp:term":[{"taxonomy":"category","embeddable":true,"href":"https:\/\/jugulajm.net\/index.php?rest_route=%2Fwp%2Fv2%2Fcategories&post=97850"},{"taxonomy":"post_tag","embeddable":true,"href":"https:\/\/jugulajm.net\/index.php?rest_route=%2Fwp%2Fv2%2Ftags&post=97850"}],"curies":[{"name":"wp","href":"https:\/\/api.w.org\/{rel}","templated":true}]}}