{"id":97784,"date":"2026-05-01T11:30:50","date_gmt":"2026-05-01T09:30:50","guid":{"rendered":"https:\/\/jugulajm.net\/?p=97784"},"modified":"2026-05-01T11:30:50","modified_gmt":"2026-05-01T09:30:50","slug":"nga-sot-shqiperia-dhe-kosova-rikthejne-kalimin-pa-kontrolle-ne-kufijte-tokesore","status":"publish","type":"post","link":"https:\/\/jugulajm.net\/?p=97784","title":{"rendered":"Nga sot Shqip\u00ebria dhe Kosova rikthejn\u00eb kalimin pa kontrolle n\u00eb kufijt\u00eb tok\u00ebsor\u00eb"},"content":{"rendered":"<p>Q\u00eb prej k\u00ebsaj t\u00eb premteje, 1 maj, Shqip\u00ebria dhe Kosova kan\u00eb rikthyer zyrtarisht regjimin e kalimit pa kontrolle kufitare p\u00ebr automjetet me targa t\u00eb dy vendeve. Masa do t\u00eb jet\u00eb n\u00eb fuqi deri m\u00eb 30 shtator dhe pritet t\u00eb leht\u00ebsoj\u00eb ndjesh\u00ebm l\u00ebvizjen gjat\u00eb sezonit veror, kur fluksi i udh\u00ebtar\u00ebve rritet ndjesh\u00ebm.<\/p>\n<p>Sipas marr\u00ebveshjes, automjetet me targa t\u00eb Shqip\u00ebris\u00eb dhe t\u00eb Kosov\u00ebs do t\u00eb kalojn\u00eb n\u00eb pikat kufitare pa ndalesa dhe pa procedurat standarde t\u00eb kontrollit. Nd\u00ebrkoh\u00eb, mjetet me targa t\u00eb huaja do t\u00eb p\u00ebrballen vet\u00ebm me kontrolle t\u00eb shpejta, p\u00ebr t\u00eb shmangur vonesat dhe radh\u00ebt e gjata, ve\u00e7an\u00ebrisht n\u00eb Morin\u00eb\u2013V\u00ebrmic\u00eb.<\/p>\n<p>Leht\u00ebsimi i kalimit rikthehet pas dy muajsh nd\u00ebrprerje, pasi gjat\u00eb marsit dhe prillit u zbatuan kontrollet e plota. Edhe n\u00eb at\u00eb periudh\u00eb, fundjavat dhe festat zyrtare vijuan me regjim t\u00eb thjeshtuar p\u00ebr qytetar\u00ebt e Shqip\u00ebris\u00eb dhe Kosov\u00ebs.<\/p>\n<p>Ky model bashk\u00ebpunimi mes dy vendeve ka sjell\u00eb p\u00ebrfitime t\u00eb dukshme nd\u00ebr vite, sidomos n\u00eb ver\u00eb, duke nxitur turizmin, vizitat familjare dhe shk\u00ebmbimet tregtare.<\/p>\n<p>Sipas t\u00eb dh\u00ebnave zyrtare, vet\u00ebm n\u00eb or\u00ebt e para t\u00eb dit\u00ebs s\u00eb premte kan\u00eb hyr\u00eb n\u00eb Shqip\u00ebri rreth 20 mij\u00eb qytetar\u00eb, shumica nga Kosova.<\/p>\n","protected":false},"excerpt":{"rendered":"<p>Q\u00eb prej k\u00ebsaj t\u00eb premteje, 1 maj, Shqip\u00ebria dhe Kosova kan\u00eb rikthyer zyrtarisht regjimin e kalimit pa kontrolle kufitare p\u00ebr automjetet me targa t\u00eb dy vendeve. Masa do t\u00eb jet\u00eb n\u00eb fuqi deri m\u00eb 30 shtator dhe pritet t\u00eb leht\u00ebsoj\u00eb ndjesh\u00ebm l\u00ebvizjen gjat\u00eb sezonit veror, kur fluksi i udh\u00ebtar\u00ebve rritet ndjesh\u00ebm. Sipas marr\u00ebveshjes, automjetet me [&hellip;]<\/p>\n","protected":false},"author":5,"featured_media":97785,"comment_status":"closed","ping_status":"closed","sticky":false,"template":"","format":"standard","meta":{"footnotes":""},"categories":[1,6332],"tags":[34918,41264,33275],"class_list":{"0":"post-97784","1":"post","2":"type-post","3":"status-publish","4":"format-standard","5":"has-post-thumbnail","7":"category-aktualitet","8":"category-te-fundit","9":"tag-kosova","10":"tag-levizjet","11":"tag-shqiperia"},"_links":{"self":[{"href":"https:\/\/jugulajm.net\/index.php?rest_route=\/wp\/v2\/posts\/97784","targetHints":{"allow":["GET"]}}],"collection":[{"href":"https:\/\/jugulajm.net\/index.php?rest_route=\/wp\/v2\/posts"}],"about":[{"href":"https:\/\/jugulajm.net\/index.php?rest_route=\/wp\/v2\/types\/post"}],"author":[{"embeddable":true,"href":"https:\/\/jugulajm.net\/index.php?rest_route=\/wp\/v2\/users\/5"}],"replies":[{"embeddable":true,"href":"https:\/\/jugulajm.net\/index.php?rest_route=%2Fwp%2Fv2%2Fcomments&post=97784"}],"version-history":[{"count":1,"href":"https:\/\/jugulajm.net\/index.php?rest_route=\/wp\/v2\/posts\/97784\/revisions"}],"predecessor-version":[{"id":97786,"href":"https:\/\/jugulajm.net\/index.php?rest_route=\/wp\/v2\/posts\/97784\/revisions\/97786"}],"wp:featuredmedia":[{"embeddable":true,"href":"https:\/\/jugulajm.net\/index.php?rest_route=\/wp\/v2\/media\/97785"}],"wp:attachment":[{"href":"https:\/\/jugulajm.net\/index.php?rest_route=%2Fwp%2Fv2%2Fmedia&parent=97784"}],"wp:term":[{"taxonomy":"category","embeddable":true,"href":"https:\/\/jugulajm.net\/index.php?rest_route=%2Fwp%2Fv2%2Fcategories&post=97784"},{"taxonomy":"post_tag","embeddable":true,"href":"https:\/\/jugulajm.net\/index.php?rest_route=%2Fwp%2Fv2%2Ftags&post=97784"}],"curies":[{"name":"wp","href":"https:\/\/api.w.org\/{rel}","templated":true}]}}