{"id":97780,"date":"2026-05-01T10:35:39","date_gmt":"2026-05-01T08:35:39","guid":{"rendered":"https:\/\/jugulajm.net\/?p=97780"},"modified":"2026-05-01T10:35:39","modified_gmt":"2026-05-01T08:35:39","slug":"foto-1-maj-proteste-perpara-ministrise-se-ekonomise-qytetaret-kerkojne-te-drejtat-ne-pune","status":"publish","type":"post","link":"https:\/\/jugulajm.net\/?p=97780","title":{"rendered":"FOTO\/ 1 maj, protest\u00eb p\u00ebrpara ministris\u00eb s\u00eb Ekonomis\u00eb, qytetar\u00ebt k\u00ebrkojn\u00eb t\u00eb drejtat n\u00eb pun\u00eb"},"content":{"rendered":"<p>N\u00eb dit\u00ebn nd\u00ebrkomb\u00ebtare t\u00eb 1 Majit, e njohur si\u00a0Dita e Pun\u00ebtor\u00ebve, Unioni i Sindikatave ka organizuar nj\u00eb\u00a0protest\u00eb\u00a0p\u00ebrpara Ministris\u00eb s\u00eb Ekonomis\u00eb. Qytetar\u00ebt k\u00ebrkojn\u00eb\u00a0ngritjen e nj\u00eb ministrie t\u00eb posa\u00e7me pune.<\/p>\n<p>Drejtori i Unionit t\u00eb Sindikatave t\u00eb Shqip\u00ebris\u00eb, Kondi Lija deklaroi se miratimi i nj\u00eb institucioni t\u00eb posa\u00e7\u00ebm \u00ebsht\u00eb minimumi jetik.\u00a0<img loading=\"lazy\" loading=\"lazy\" decoding=\"async\" src=\"https:\/\/servedby.revive-adserver.net\/lg.php?bannerid=202948&amp;campaignid=62692&amp;zoneid=25385&amp;loc=https%3A%2F%2Fdosja.al%2Faktualitet%2F1-maji-proteste-perpara-ministrise-se-ekonomise-qytetaret-kerkojne-te-i493660&amp;referer=https%3A%2F%2Fdosja.al%2F&amp;cb=29463f8164\" alt=\"\" width=\"0\" height=\"0\" \/><\/p>\n<p><em>\u201cSot nuk do t\u00eb themi fjal\u00eb t\u00eb bukura, por do t\u00eb k\u00ebrkojm\u00eb t\u00eb drejtat tona, t\u00eb drejtat e pun\u00ebtor\u00ebve. Mblidhemi jo vet\u00ebm p\u00ebr t\u00eb kujtuar historin\u00eb e 1 majit, por p\u00ebr t\u00eb k\u00ebrkuar t\u00eb ardhmen q\u00eb meritojm\u00eb. \u00cbsht\u00eb thirrje p\u00ebr drejt\u00ebsi, barazi, p\u00ebr t\u00eb drejta n\u00eb pun\u00eb. Sot \u00ebsht\u00eb rritur numri i vdekjeve n\u00eb vendin e pun\u00ebs me 45% krahasuar me nj\u00eb vit m\u00eb par\u00eb. \u00cbsht\u00eb dyfishuar numri i aksidenteve n\u00eb pun\u00eb. Institucionet p\u00ebrgjegj\u00ebsve nuk b\u00ebjn\u00eb kontrolle reale. Duhet t\u00eb ket\u00eb nj\u00eb ministri Pune, ve\u00e7an\u00ebrisht p\u00ebr pun\u00ebtor\u00ebt.\u00a01 maji\u00a0\u00ebsht\u00eb protest\u00eb, jo fest\u00eb. Jo vdekje n\u00eb pun\u00eb. Duam siguri. Duhet t\u00eb miratohet n\u00eb parlament minimumi jetik.\u201d<\/em>, tha nd\u00ebr t\u00eb tjera Kondi Lija, drejtor i Unionit t\u00eb Sindikatave t\u00eb Shqip\u00ebris\u00eb.<\/p>\n","protected":false},"excerpt":{"rendered":"<p>N\u00eb dit\u00ebn nd\u00ebrkomb\u00ebtare t\u00eb 1 Majit, e njohur si\u00a0Dita e Pun\u00ebtor\u00ebve, Unioni i Sindikatave ka organizuar nj\u00eb\u00a0protest\u00eb\u00a0p\u00ebrpara Ministris\u00eb s\u00eb Ekonomis\u00eb. Qytetar\u00ebt k\u00ebrkojn\u00eb\u00a0ngritjen e nj\u00eb ministrie t\u00eb posa\u00e7me pune. Drejtori i Unionit t\u00eb Sindikatave t\u00eb Shqip\u00ebris\u00eb, Kondi Lija deklaroi se miratimi i nj\u00eb institucioni t\u00eb posa\u00e7\u00ebm \u00ebsht\u00eb minimumi jetik.\u00a0 \u201cSot nuk do t\u00eb themi fjal\u00eb t\u00eb [&hellip;]<\/p>\n","protected":false},"author":5,"featured_media":97781,"comment_status":"closed","ping_status":"closed","sticky":false,"template":"","format":"standard","meta":{"footnotes":""},"categories":[6327,6332],"tags":[41262,41263],"class_list":{"0":"post-97780","1":"post","2":"type-post","3":"status-publish","4":"format-standard","5":"has-post-thumbnail","7":"category-ekonomi","8":"category-te-fundit","9":"tag-proteste-perpara-ministrise-se-ekonomise","10":"tag-qytetaret-kerkojne-te-drejtat-ne-pune"},"_links":{"self":[{"href":"https:\/\/jugulajm.net\/index.php?rest_route=\/wp\/v2\/posts\/97780","targetHints":{"allow":["GET"]}}],"collection":[{"href":"https:\/\/jugulajm.net\/index.php?rest_route=\/wp\/v2\/posts"}],"about":[{"href":"https:\/\/jugulajm.net\/index.php?rest_route=\/wp\/v2\/types\/post"}],"author":[{"embeddable":true,"href":"https:\/\/jugulajm.net\/index.php?rest_route=\/wp\/v2\/users\/5"}],"replies":[{"embeddable":true,"href":"https:\/\/jugulajm.net\/index.php?rest_route=%2Fwp%2Fv2%2Fcomments&post=97780"}],"version-history":[{"count":1,"href":"https:\/\/jugulajm.net\/index.php?rest_route=\/wp\/v2\/posts\/97780\/revisions"}],"predecessor-version":[{"id":97782,"href":"https:\/\/jugulajm.net\/index.php?rest_route=\/wp\/v2\/posts\/97780\/revisions\/97782"}],"wp:featuredmedia":[{"embeddable":true,"href":"https:\/\/jugulajm.net\/index.php?rest_route=\/wp\/v2\/media\/97781"}],"wp:attachment":[{"href":"https:\/\/jugulajm.net\/index.php?rest_route=%2Fwp%2Fv2%2Fmedia&parent=97780"}],"wp:term":[{"taxonomy":"category","embeddable":true,"href":"https:\/\/jugulajm.net\/index.php?rest_route=%2Fwp%2Fv2%2Fcategories&post=97780"},{"taxonomy":"post_tag","embeddable":true,"href":"https:\/\/jugulajm.net\/index.php?rest_route=%2Fwp%2Fv2%2Ftags&post=97780"}],"curies":[{"name":"wp","href":"https:\/\/api.w.org\/{rel}","templated":true}]}}