{"id":97769,"date":"2026-04-30T21:25:22","date_gmt":"2026-04-30T19:25:22","guid":{"rendered":"https:\/\/jugulajm.net\/?p=97769"},"modified":"2026-04-30T21:25:35","modified_gmt":"2026-04-30T19:25:35","slug":"ndryshimi-ne-pamje-flet-meta-stervitem-4-ore-ne-dite-kam-humbur-disa-kg","status":"publish","type":"post","link":"https:\/\/jugulajm.net\/?p=97769","title":{"rendered":"Ndryshimi n\u00eb pamje, flet Meta: St\u00ebrvitem 4 or\u00eb n\u00eb dit\u00eb, kam humbur disa kg"},"content":{"rendered":"<p>Paraqitja e Ilir Met\u00ebs n\u00eb Gjykat\u00ebn e Posa\u00e7me, p\u00ebrve\u00e7 interesit t\u00eb hetimeve, t\u00ebrhoqi v\u00ebmendje ndryshimi fizik i kryetarit t\u00eb PL.<\/p>\n<div class=\"jeg_ad jeg_ad_article jnews_content_inline_ads \">\n<div class=\"ads-wrapper align-center \">\n<div class=\"ads_code\">N\u00eb nj\u00eb intervist\u00eb p\u00ebr \u201cOpinion\u201d, Ilir Meta \u00ebsht\u00eb pyetur n\u00eb lidhje me ndryshimin e tij fizik dhe n\u00ebse gjendja sh\u00ebndet\u00ebsore e tij \u00ebsht\u00eb e mir\u00eb.<\/div>\n<\/div>\n<\/div>\n<p>N\u00eb p\u00ebrgjigje t\u00eb k\u00ebsaj pyetje, Meta shprehet se \u00ebsht\u00eb shum\u00eb mir\u00eb me sh\u00ebndet, por ka humbur disa kg. Ndryshimi n\u00eb pamje sipas tij, vjen dhe si pasoj\u00eb e st\u00ebrvitjes prej 4 or\u00ebsh n\u00eb paraburgim.<\/p>\n<div class=\"jeg_ad jeg_ad_article jnews_content_inline_2_ads \">\n<div class=\"ads-wrapper align-center \">\n<div class=\"ads_code\"><strong>PYETJE: Z. Meta, paraqitja juaj n\u00eb gjykat\u00eb, solli mjaft reagime. Ju dukeshit mjaft i dob\u00ebsuar. A \u00ebsht\u00eb \u00e7do gj\u00eb \u201cOK\u201d me sh\u00ebndetin tuaj?<\/strong><\/div>\n<\/div>\n<\/div>\n<p><strong>P\u00cbRGJIGJE<\/strong>: I dashur Blendi, jam i bindur se p\u00ebrshtypja apo \u00e7udia m\u00eb e madhe ishte paraqitja ime n\u00eb kafazin me \u201c5 yje\u201d.<\/p>\n<p>Nd\u00ebrkoh\u00eb e gjith\u00eb p\u00ebrpjekja e regjimit sorosist u p\u00ebrpoq t\u00eb shp\u00ebrq\u00ebndronte v\u00ebmendjen e publikut gjoja te paraqitja ime sh\u00ebndet\u00ebsore dhe madje edhe te gjendja ime \u201cmendore\u201d.<\/p>\n<p>Po, \u00ebsht\u00eb e v\u00ebrtet\u00eb, q\u00eb jam dob\u00ebsuar lidhur me pesh\u00ebn trupore, por kjo vjen p\u00ebr arsyen se \u00e7do dit\u00eb b\u00ebj me intervale 4 or\u00eb st\u00ebrvitje.<\/p>\n<p>Por, jam shum\u00eb m\u00eb i sh\u00ebndetsh\u00ebm dhe i fort\u00eb se m\u00eb par\u00eb.<\/p>\n<p>Meq\u00ebn\u00ebse nuk t\u00eb kan\u00eb lejuar derim\u00eb tani p\u00ebr t\u00eb b\u00ebr\u00eb nj\u00eb intervist\u00eb, k\u00ebrkoju leje t\u00eb pakt\u00ebn q\u00eb t\u00eb b\u00ebjm\u00eb nj\u00eb ndeshje ping-pongu dhe po fitove nj\u00eb set do t\u00eb jesh me shum\u00eb fat.<\/p>\n<p>Po k\u00ebshtu, kostumet jan\u00eb t\u00eb vjetra se po b\u00ebj gati 2 vite n\u00eb \u201criedukim\u201d dhe dor\u00ebarti i mir\u00ebnjohur Altin Mici, nuk i di p\u00ebrmasat e reja.<\/p>\n<p>Por t\u00eb lutem, p\u00ebrq\u00ebndrohuni te thelbi i \u00e7\u00ebshtjes, pra ai i vendimit p\u00ebr t\u2019u gjykuar n\u00eb \u201ckafaz\u201d duke u bazuar n\u00eb precedentin e nj\u00eb terroristi maroken q\u00eb ka vrar\u00eb dhjetra francez\u00eb para nj\u00eb dekade.<\/p>\n<p>Pra p\u00ebrjashtimin ekstrem t\u00eb ndodhur n\u00eb Franc\u00eb, GJKKO e kthen n\u00eb standard \u201ceuropian\u201d t\u00eb gjykimit.<\/p>\n<p>Pra proceset kund\u00ebr Nicolas Sarkozy, Alain Jupee, Bernard Tapie dhe 99.99% e qytetar\u00ebve francez\u00eb, kan\u00eb qen\u00eb \u201canormale\u201d p\u00ebr GJKKO-n\u00eb ton\u00eb \u201cspeciale\u201d.<\/p>\n<p>K\u00ebta harrojn\u00eb se gjykata jo vet\u00ebm duhet t\u00eb jet\u00eb e paanshme, por edhe duhet t\u00eb paraqitet edhe n\u00eb form\u00eb (jo vet\u00ebm p\u00ebrmbajtje) si e till\u00eb.<\/p>\n<p>Pra k\u00ebta as nuk shtiren q\u00eb t\u00eb hiqen si t\u00eb paansh\u00ebm.<\/p>\n<p>S\u00eb dyti, vendimi p\u00ebr t\u00eb mos lejuar transmetimin live \u00ebsht\u00eb absurd, pasi kjo \u00ebsht\u00eb \u00e7\u00ebshtje e interesit publik dhe \u00e7do qytetar q\u00eb ka interes apo d\u00ebshir\u00eb duhet ta ndjek\u00eb t\u00eb plot\u00eb.<\/p>\n<p>Duhet t\u00eb d\u00ebgjojn\u00eb pretendimet e akuz\u00ebs dhe provat apo faktet e saj, por duhet t\u00eb d\u00ebgjojn\u00eb edhe argumentat, provat dhe faktet e paraqitura nga un\u00eb dhe avokati im.<\/p>\n<p>Cilado pal\u00eb q\u00eb nuk respekton rregullat e gjyqit mund t\u00eb nd\u00ebshkohet nga gjykata. N\u00eb k\u00ebto akuza nuk ka asnj\u00eb lloj sekreti shtet\u00ebror i dashur.<\/p>\n<p>\u00c7\u00ebshtja m\u00eb e p\u00ebrfolur prej 16 vitesh \u00ebsht\u00eb CEZ-DIA. \u00cbsht\u00eb hera e kat\u00ebrt q\u00eb po gjykohet (rekord guinness).<\/p>\n<p>Her\u00ebn e par\u00eb gjyqi kund\u00ebr Z. Ismailaj dhe 2 menaxher\u00ebve \u00e7ek\u00eb ku asgj\u00ebkundi nuk ekziston emri im.<\/p>\n<p>Her\u00ebn e dyt\u00eb n\u00eb Arbitrazh (Vjen\u00eb) ku studio ligjore q\u00eb mbrojti shtetin shqiptar, Clifford Chance, p\u00ebrve\u00e7 nj\u00eb reagimi zyrtar para p\u00ebrfundimit, \u00ebsht\u00eb shprehur zyrtarisht pas gjyqit n\u00eb letr\u00ebn drejtuar Ministrit Gjiknuri dhe Drejtorit t\u00eb OSHEE, Adrian \u00c7ela, se ishte shum\u00eb e keqardhur q\u00eb u keqp\u00ebrdor nga mediat emri i t\u00eb nderuarit Kryetar i Kuvendit dhe se nuk ekziston asnj\u00eb evidenc\u00eb p\u00ebr ndonj\u00eb marr\u00ebdh\u00ebnie jotransparente midis tij dhe administrator\u00ebve t\u00eb DIA-s.<\/p>\n<p>Her\u00ebn e tret\u00eb, \u00e7\u00ebshtja DIA \u00ebsht\u00eb hetuar si pjes\u00eb e hetimit t\u00eb Komisionit Parlamentar p\u00ebr CEZ-in n\u00eb vitin 2016, ku ka qen\u00eb i ftuar si d\u00ebshmitar edhe kall\u00ebzuesi im i m\u00ebvonsh\u00ebm n\u00eb tetor 2017 kur un\u00eb isha President i Republik\u00ebs.<\/p>\n<p>As n\u00eb k\u00ebt\u00eb Komision Hetimor Parlamentar, ky person nuk m\u00eb ka p\u00ebrmendur fare mua, por ka akuzuar p\u00ebrfaq\u00ebsues t\u00eb PD, jo vet\u00ebm p\u00ebr CEZ, por edhe p\u00ebr CEZ-DIA, madje duke ju referuar Z. Ismailaj dhe amerikanes Rebecca Gaskin.<\/p>\n<p>Po k\u00ebshtu, n\u00eb at\u00eb koh\u00eb ka akuzuar publikisht Partin\u00eb Demokratike se donte ta vriste .<\/p>\n<p>\u00c7udit\u00ebrisht pas kall\u00ebzimit ndaj meje n\u00eb tetor 2017, si punonj\u00ebs i OSHEE (2012-2014 ishte Drejtor i DIA-s), pas tre jav\u00ebsh k\u00ebrkon statusin e d\u00ebshmitarit t\u00eb mbrojtur duke shkruar n\u00eb k\u00ebrkes\u00ebn e tij se nj\u00eb i d\u00ebnuar me burgim t\u00eb p\u00ebrjetsh\u00ebm kishte dal\u00eb disa her\u00eb nga burgu nat\u00ebn p\u00ebr ta vrar\u00eb, por meq\u00ebn\u00ebse nuk e kishte gjetur, ishte kthyer prap\u00eb n\u00eb burg n\u00eb t\u00eb gdhir\u00eb.<\/p>\n<p>Vet\u00eb prokurorja Donika Prela, n\u00eb 2019, \u00ebsht\u00eb shprehur se d\u00ebshmia e tij \u00ebsht\u00eb indirekte, pra e pabesueshme p\u00ebr dh\u00ebnien e statusit t\u00eb d\u00ebshmitarit t\u00eb mbrojtur.<\/p>\n<p>Por p\u00ebr prokurorin special, Z. Kraja, statusi i tij si kall\u00ebzues i \u201cbesuesh\u00ebm\u201d ishte i mjaftuesh\u00ebm p\u00ebr t\u00eb nisur nj\u00eb hetim tashm\u00eb 7-vje\u00e7ar t\u00eb ri edhe pse CEZ-DIA ishte gjykuar nj\u00ebher\u00eb n\u00eb Shqip\u00ebri dhe ishin dh\u00ebn\u00eb d\u00ebnime faj\u00ebsie.<\/p>\n<p>\u00c7udit\u00ebrisht, po ky prokuror n\u00eb vitin 2016 kishte mbyllur hetimet pas padis\u00eb zyrtare t\u00eb Kontrollit t\u00eb Lart\u00eb t\u00eb Shtetit p\u00ebr faljen nga Rama t\u00eb 479 milion eurove CEZ-it.<\/p>\n<p>Kjo padi, p\u00ebrve\u00e7 auditimeve t\u00eb specializuara t\u00eb KLSH, bazohej edhe n\u00eb konkluzionet e nj\u00eb studioje shum\u00eb t\u00eb njohur ligjore franceze \u201cDerains &amp; Gharavi\u201d, e cila ishte paguar nga Qeveria Berisha p\u00ebr t\u00eb b\u00ebr\u00eb nj\u00eb bilanc t\u00eb llogarive midis CEZ-it dhe Qeveris\u00eb shqiptare (OSHEE) p\u00ebr t\u00eb kuptuar gjendjen e detyrimeve reciproke dhe rrug\u00ebt e zgjidhjes s\u00eb marr\u00ebveshjes.<\/p>\n<p>Ky prokuror as denjoi ta th\u00ebrriste KLSH n\u00eb cil\u00ebsin\u00eb e kall\u00ebzuesit sipas t\u00eb dh\u00ebnave t\u00eb mia.<\/p>\n","protected":false},"excerpt":{"rendered":"<p>Paraqitja e Ilir Met\u00ebs n\u00eb Gjykat\u00ebn e Posa\u00e7me, p\u00ebrve\u00e7 interesit t\u00eb hetimeve, t\u00ebrhoqi v\u00ebmendje ndryshimi fizik i kryetarit t\u00eb PL. N\u00eb nj\u00eb intervist\u00eb p\u00ebr \u201cOpinion\u201d, Ilir Meta \u00ebsht\u00eb pyetur n\u00eb lidhje me ndryshimin e tij fizik dhe n\u00ebse gjendja sh\u00ebndet\u00ebsore e tij \u00ebsht\u00eb e mir\u00eb. N\u00eb p\u00ebrgjigje t\u00eb k\u00ebsaj pyetje, Meta shprehet se \u00ebsht\u00eb shum\u00eb [&hellip;]<\/p>\n","protected":false},"author":5,"featured_media":97770,"comment_status":"closed","ping_status":"closed","sticky":false,"template":"","format":"standard","meta":{"footnotes":""},"categories":[6326,6332],"tags":[25365,41257,41258],"class_list":{"0":"post-97769","1":"post","2":"type-post","3":"status-publish","4":"format-standard","5":"has-post-thumbnail","7":"category-politike","8":"category-te-fundit","9":"tag-burgu","10":"tag-meta","11":"tag-ndryshimi"},"_links":{"self":[{"href":"https:\/\/jugulajm.net\/index.php?rest_route=\/wp\/v2\/posts\/97769","targetHints":{"allow":["GET"]}}],"collection":[{"href":"https:\/\/jugulajm.net\/index.php?rest_route=\/wp\/v2\/posts"}],"about":[{"href":"https:\/\/jugulajm.net\/index.php?rest_route=\/wp\/v2\/types\/post"}],"author":[{"embeddable":true,"href":"https:\/\/jugulajm.net\/index.php?rest_route=\/wp\/v2\/users\/5"}],"replies":[{"embeddable":true,"href":"https:\/\/jugulajm.net\/index.php?rest_route=%2Fwp%2Fv2%2Fcomments&post=97769"}],"version-history":[{"count":2,"href":"https:\/\/jugulajm.net\/index.php?rest_route=\/wp\/v2\/posts\/97769\/revisions"}],"predecessor-version":[{"id":97772,"href":"https:\/\/jugulajm.net\/index.php?rest_route=\/wp\/v2\/posts\/97769\/revisions\/97772"}],"wp:featuredmedia":[{"embeddable":true,"href":"https:\/\/jugulajm.net\/index.php?rest_route=\/wp\/v2\/media\/97770"}],"wp:attachment":[{"href":"https:\/\/jugulajm.net\/index.php?rest_route=%2Fwp%2Fv2%2Fmedia&parent=97769"}],"wp:term":[{"taxonomy":"category","embeddable":true,"href":"https:\/\/jugulajm.net\/index.php?rest_route=%2Fwp%2Fv2%2Fcategories&post=97769"},{"taxonomy":"post_tag","embeddable":true,"href":"https:\/\/jugulajm.net\/index.php?rest_route=%2Fwp%2Fv2%2Ftags&post=97769"}],"curies":[{"name":"wp","href":"https:\/\/api.w.org\/{rel}","templated":true}]}}