{"id":97762,"date":"2026-04-30T16:22:40","date_gmt":"2026-04-30T14:22:40","guid":{"rendered":"https:\/\/jugulajm.net\/?p=97762"},"modified":"2026-04-30T16:22:40","modified_gmt":"2026-04-30T14:22:40","slug":"emri-foto-itali-46-vjecarja-shqiptare-humb-jeten-u-perplaset-nga-kamioni-teksa-shkonte-ne-pune","status":"publish","type":"post","link":"https:\/\/jugulajm.net\/?p=97762","title":{"rendered":"EMRI-FOTO\/ Itali, 46-vje\u00e7arja shqiptare humb jet\u00ebn, u p\u00ebrplaset nga kamioni teksa shkonte n\u00eb pun\u00eb"},"content":{"rendered":"<p>Nj\u00eb 46-vje\u00e7are shqiptare ka humbur jet\u00ebn tragjikisht n\u00eb\u00a0Itali, pasi u p\u00ebrplas nga nj\u00eb kamion teksa l\u00ebvizte me bi\u00e7iklet\u00eb drejt pun\u00ebs. Viktima \u00ebsht\u00eb identifikuar nga\u00a0<a href=\"https:\/\/corrieredellaltoadige.corriere.it\/notizie\/cronaca\/26_aprile_30\/amila-kurcani-travolta-in-bici-e-uccisa-dal-camion-l-autista-del-mezzo-pesante-indagato-per-omicidio-stradale-0080075f-6236-4134-909f-c7b0a8f35xlk.shtml?refresh_ce\">mediat italiane<\/a>\u00a0si\u00a0Amila Kur\u00e7ani,nd\u00ebrsa aksidenti ndodhi\u00a0m\u00ebngjesin e 29 prillit n\u00eb\u00a0Bolzano, p\u00ebrgjat\u00eb rrug\u00ebs \u201cVia Vittorio Veneto\u201d.<\/p>\n<div class=\"ads_desktop\"><ins id=\"revive-0-3\" data-revive-zoneid=\"130\" data-revive-id=\"eb7e5be5383550d1c26fa0ba6b393750\" data-revive-seq=\"3\" data-revive-loaded=\"1\"><\/p>\n<div id=\"beacon_db88ae6e7a\">Sipas mediave italiane, gruaja po pedalonte drejt spitalit kur u godit nga nj\u00eb kamion q\u00eb l\u00ebvizte n\u00eb t\u00eb nj\u00ebjtin drejtim. Pas p\u00ebrplasjes, ajo u t\u00ebrhoq zvarr\u00eb p\u00ebr disa metra nga mjeti.<\/div>\n<p><\/ins><\/div>\n<p>E para q\u00eb i erdhi n\u00eb ndihm\u00eb ishte nj\u00eb mjeke q\u00eb ndodhej rast\u00ebsisht n\u00eb vendngjarje, e cila tentoi ta mbante n\u00eb jet\u00eb deri n\u00eb mb\u00ebrritjen e ambulanc\u00ebs, por pa sukses. Alarmi n\u00eb numrin e emergjenc\u00ebs 112 u dha rreth or\u00ebs 08:10. N\u00eb vendngjarje mb\u00ebrrit\u00ebn ekipet mjek\u00ebsore, zjarrfik\u00ebsit dhe policia lokale, e cila ka nisur hetimet p\u00ebr t\u00eb zbardhur rrethanat e aksidentit. Autoritetet po verifikojn\u00eb edhe pamjet e kamerave t\u00eb siguris\u00eb n\u00eb zon\u00eb p\u00ebr t\u00eb p\u00ebrcaktuar p\u00ebrgjegj\u00ebsit\u00eb.<\/p>\n<p>Nd\u00ebrkoh\u00eb, ndaj drejtuesit t\u00eb kamionit pritet t\u00eb hapet nj\u00eb procedim penal p\u00ebr \u201cvrasje nga pakujdesia n\u00eb rrug\u00eb\u201d. Amila Kur\u00e7ani l\u00eb pas nj\u00eb vajz\u00eb 20-vje\u00e7are dhe prind\u00ebrit, p\u00ebr t\u00eb cil\u00ebt kujdesej.<\/p>\n<p>Q\u00eb prej vitit 2011, Amila Kur\u00e7ani punonte n\u00eb enotek\u00ebn \u201cBanco 11\u201d n\u00eb sheshin qendror t\u00eb Bolzano, fillimisht si pastruese dhe m\u00eb pas pas banakut. Turni i saj at\u00eb dit\u00eb duhej t\u00eb niste n\u00eb or\u00ebn 11:00, por ajo nuk arriti kurr\u00eb. \u201cGjysm\u00eb ore m\u00eb par\u00eb na telefonoi motra e saj p\u00ebr t\u00eb na dh\u00ebn\u00eb lajmin e tragjedis\u00eb\u201d, tregojn\u00eb pronarja Birgitta Puustinen dhe bashk\u00ebshorti i saj, Roberto Bernardi. \u201cP\u00ebr ne \u00ebsht\u00eb nj\u00eb dhimbje e madhe\u201d.<\/p>\n<p>Sipas tyre, Amila nuk ishte thjesht punonj\u00ebse. \u201cIshte pjes\u00eb e familjes. Nj\u00eb njeri i mrekulluesh\u00ebm, i thjesht\u00eb, gjithmon\u00eb e p\u00ebrpikt\u00eb dhe e gatshme t\u00eb ndihmonte p\u00ebr \u00e7do gj\u00eb. Kur largoheshim nga qyteti, kujdesej p\u00ebr pes\u00eb macet tona. I donte shum\u00eb dhe edhe ato e donin at\u00eb. Zakonisht nuk afrohen me njer\u00ebzit, por me t\u00eb ishte ndryshe, sepse ndjenin q\u00eb ishte e ve\u00e7ant\u00eb\u201d.<\/p>\n<p>Vet\u00ebm nj\u00eb jav\u00eb m\u00eb par\u00eb kishte festuar 46-vjetorin me vajz\u00ebn dhe motr\u00ebn. Kishin rezervuar nj\u00eb q\u00ebndrim n\u00eb nj\u00eb hotel me spa n\u00eb Laives dhe m\u00eb pas kishte sjell\u00eb tort\u00ebn n\u00eb pun\u00eb p\u00ebr t\u00eb festuar edhe me koleg\u00ebt. \u201cJemi pa fjal\u00eb\u201d, thon\u00eb ata.<\/p>\n<p>Kur\u00e7ani ishte shum\u00eb e vler\u00ebsuar edhe nga bizneset e tjera n\u00eb zon\u00eb. Christina Ratschiller nga furra \u201cFranziskaner\u201d e kujton si nj\u00eb person \u201ct\u00eb g\u00ebzuar dhe plot drit\u00eb\u201d. \u201cVinte ndonj\u00ebher\u00eb t\u00eb merrte buk\u00eb p\u00ebr vajz\u00ebn. M\u00eb vjen shum\u00eb keq\u201d, shprehet ajo.<\/p>\n<p>Ngush\u00ebllime ka shprehur edhe komuniteti shqiptar n\u00eb Bolzano. Tritan Myftiu, k\u00ebshilltar komunal, b\u00ebri t\u00eb ditur se shoqata pan-shqiptare \u201cArberia\u201d ka v\u00ebn\u00eb n\u00eb dispozicion ambientet e saj p\u00ebr familjen e viktim\u00ebs. Nd\u00ebrkoh\u00eb, aksidenti ka ndezur debate politike\u00a0p\u00ebr sigurin\u00eb n\u00eb at\u00eb segment rrugor, n\u00eb zon\u00ebn ku p\u00ebrfundon pista e bi\u00e7ikletave n\u00eb \u201cVia Vittorio Veneto\u201d.<\/p>\n<p>Pas aksidentit, k\u00ebshilltari bashkiak\u00a0 i partis\u00eb t t\u00eb t\u00eb Gjelb\u00ebrve, Rudi Benedikter, e p\u00ebrshkroi ngjarjen si nj\u00eb\u00a0\u201c\u00e7mim tragjik n\u00eb jet\u00eb njer\u00ebzish p\u00ebr shkak t\u00eb munges\u00ebs s\u00eb kontrollit t\u00eb trafikut\u201d. Ai gjithashtu k\u00ebrkoi\u00a0ndalimin e qarkullimit t\u00eb kamion\u00ebve n\u00eb oraret e pikut. Edhe Stefano Fattor, k\u00ebshilltar i Partis\u00eb Demokratike italiane, kritikoi vonesat n\u00eb projektet p\u00ebr leht\u00ebsimin e trafikut, duke theksuar se mungesa e tyre po rrit rrezikun p\u00ebr qytetar\u00ebt.<\/p>\n","protected":false},"excerpt":{"rendered":"<p>Nj\u00eb 46-vje\u00e7are shqiptare ka humbur jet\u00ebn tragjikisht n\u00eb\u00a0Itali, pasi u p\u00ebrplas nga nj\u00eb kamion teksa l\u00ebvizte me bi\u00e7iklet\u00eb drejt pun\u00ebs. Viktima \u00ebsht\u00eb identifikuar nga\u00a0mediat italiane\u00a0si\u00a0Amila Kur\u00e7ani,nd\u00ebrsa aksidenti ndodhi\u00a0m\u00ebngjesin e 29 prillit n\u00eb\u00a0Bolzano, p\u00ebrgjat\u00eb rrug\u00ebs \u201cVia Vittorio Veneto\u201d. Sipas mediave italiane, gruaja po pedalonte drejt spitalit kur u godit nga nj\u00eb kamion q\u00eb l\u00ebvizte n\u00eb t\u00eb [&hellip;]<\/p>\n","protected":false},"author":5,"featured_media":97763,"comment_status":"closed","ping_status":"closed","sticky":false,"template":"","format":"standard","meta":{"footnotes":""},"categories":[1,7664,6332],"tags":[41250,41251,41252,26133],"class_list":{"0":"post-97762","1":"post","2":"type-post","3":"status-publish","4":"format-standard","5":"has-post-thumbnail","7":"category-aktualitet","8":"category-bota","9":"category-te-fundit","10":"tag-46-vjecarja-shqiptare-humb-jeten","11":"tag-amila-kurcani","12":"tag-bolzano","13":"tag-itali"},"_links":{"self":[{"href":"https:\/\/jugulajm.net\/index.php?rest_route=\/wp\/v2\/posts\/97762","targetHints":{"allow":["GET"]}}],"collection":[{"href":"https:\/\/jugulajm.net\/index.php?rest_route=\/wp\/v2\/posts"}],"about":[{"href":"https:\/\/jugulajm.net\/index.php?rest_route=\/wp\/v2\/types\/post"}],"author":[{"embeddable":true,"href":"https:\/\/jugulajm.net\/index.php?rest_route=\/wp\/v2\/users\/5"}],"replies":[{"embeddable":true,"href":"https:\/\/jugulajm.net\/index.php?rest_route=%2Fwp%2Fv2%2Fcomments&post=97762"}],"version-history":[{"count":1,"href":"https:\/\/jugulajm.net\/index.php?rest_route=\/wp\/v2\/posts\/97762\/revisions"}],"predecessor-version":[{"id":97764,"href":"https:\/\/jugulajm.net\/index.php?rest_route=\/wp\/v2\/posts\/97762\/revisions\/97764"}],"wp:featuredmedia":[{"embeddable":true,"href":"https:\/\/jugulajm.net\/index.php?rest_route=\/wp\/v2\/media\/97763"}],"wp:attachment":[{"href":"https:\/\/jugulajm.net\/index.php?rest_route=%2Fwp%2Fv2%2Fmedia&parent=97762"}],"wp:term":[{"taxonomy":"category","embeddable":true,"href":"https:\/\/jugulajm.net\/index.php?rest_route=%2Fwp%2Fv2%2Fcategories&post=97762"},{"taxonomy":"post_tag","embeddable":true,"href":"https:\/\/jugulajm.net\/index.php?rest_route=%2Fwp%2Fv2%2Ftags&post=97762"}],"curies":[{"name":"wp","href":"https:\/\/api.w.org\/{rel}","templated":true}]}}