{"id":97735,"date":"2026-04-29T19:55:11","date_gmt":"2026-04-29T17:55:11","guid":{"rendered":"https:\/\/jugulajm.net\/?p=97735"},"modified":"2026-04-29T20:59:32","modified_gmt":"2026-04-29T18:59:32","slug":"tre-emra-dinjitoze-ne-gare-per-kreun-e-pd-se-gjirokaster","status":"publish","type":"post","link":"https:\/\/jugulajm.net\/?p=97735","title":{"rendered":"Tre emra dinjitoz\u00eb n\u00eb gar\u00eb p\u00ebr kreun e PD-s\u00eb Gjirokast\u00ebr"},"content":{"rendered":"<p>Me daten 3 maj demokratet e Gjirokastres do te thirren ne kutite e votimit per te zgjedhur kreun e ri te deges. Ndonese PD ne Gjirokaster kreun e saj e zgjodhi nje vit me pare, u desh qe serish demokratet te thirren per te zgjedhur kryetarin e ri ne kuader te riorganizimit te PD.<br \/>\nSipas njoftimit per shtyp nga Dega e PD Gjjrokaster, deri diten e djeshme qe ishte dhe afati i fundit i dorrezimit te dokumentacioneve, kane paraqitur deshiren per te garuar tre emra, Agron Basha, Edmond Braho dhe Eri Shehaj.<\/p>\n<p>Te tre keta emra njihen nga e gjithe Gjirokastra me taban ne PD dhe figurojne si njerez me integritet te larte intelektual e moral.<\/p>\n<p>E konkretisht, <strong>Agron Basha<\/strong> nje biznesmen i ndershem, ekonomist i zoti dhe me kontribute te hershme ne PD e Gjirokastres. Njeri i paperfolur kur ka ushtruar funksione drejtuese ne kohen kur PD ka qene ne qeverisje. Nje intelektual qe ben krenar \u00e7do lazaratas demokrat.<\/p>\n<p><strong>Edmond Braho<\/strong>, mjek stomatolog me profesion. I hershem qysh nga themelimi i PD ai dhe i ati i tij, Nevruz Braho, rrjedh nga nje familje e nderuar gjirokastrite. Edmond Braho synon qe te zgjidhet kreu i deges se PD bazuar ne ambicjen e vet personale dhe vazhduar traditen familjare te besnikerise ndaj PD.<\/p>\n<p><strong>Eri Shehaj,<\/strong> kryetari aktual i PD Gjirokaster, kerkon nje mandat te dyte ne krye te PD bazuar ne eksperiencen e tij politike menaxhuese te deges se PD. Me profesion financier, zoti Shehaj rrjedh nga nje familje me tradita te hershme liridashese e demokrate, intelektual dhe figure e paster.<\/p>\n<p><strong>Me poshte deklarata e deges se PD Gjirokaster:<\/strong><\/p>\n<p>T\u00eb nderuar an\u00ebtar\u00eb t\u00eb Partis\u00eb Demokratike dega Gjirokast\u00ebr,<br \/>\nSot jemi n\u00eb nj\u00eb moment t\u00eb r\u00ebnd\u00ebsish\u00ebm p\u00ebr forc\u00ebn ton\u00eb politike. Nj\u00eb moment reflektimi, p\u00ebrgjegj\u00ebsie dhe mbi t\u00eb gjitha zgjedhjeje. Pas nj\u00eb procesi filtrimi t\u00eb kujdessh\u00ebm nga q\u00ebndra PDSH, sot kemi p\u00ebrpara tre kandidatura serioze p\u00ebr postin e kryetarit t\u00eb partis\u00eb.<\/p>\n<p>1.Agron Flamur Basha<br \/>\n2.Edmond Novruz Braho<br \/>\n3.Eri Shahin Shehaj<br \/>\nK\u00ebto kandidatura nuk jan\u00eb p\u00ebrfaq\u00ebsim i vizioneve, p\u00ebrvoj\u00ebs dhe angazhimit ndaj vlerave q\u00eb ne mbrojm\u00eb \u00e7do dit\u00eb. Fakti q\u00eb kan\u00eb kaluar filtrat e vendosur nga q\u00ebndra PDSH tregon se secili prej tyre p\u00ebrmbush standardet tona p\u00ebr integritet, p\u00ebrkushtim dhe p\u00ebrgjegj\u00ebsi politike.<br \/>\nNj\u00ebkoh\u00ebsisht do t\u00eb zgjidhen edhe an\u00ebtar\u00ebt e Kryesis\u00eb \u2013 pra vendoset jo vet\u00ebm drejtimi, por edhe ekipi q\u00eb do t\u00eb mbaj\u00eb p\u00ebrgjegj\u00ebsi p\u00ebr t\u00eb ardhmen.<br \/>\nData 03. Maj. 2026 do t\u00eb mbahen zgjedhjet n\u00eb zyrat e partis\u00eb demokratike dega Gjirokast\u00ebr n\u00eb oren 09:00 &#8212; 19:00<\/p>\n<p>Le t\u00eb jet\u00eb ky proces nj\u00eb shembull i demokracis\u00eb s\u00eb brendshme, ku secili z\u00eb d\u00ebgjohet dhe \u00e7do vot\u00eb ka pesh\u00eb. Sepse vet\u00ebm k\u00ebshtu nd\u00ebrtojm\u00eb besimin, jo vet\u00ebm brenda nesh, por edhe tek qytetar\u00ebt q\u00eb presin m\u00eb shum\u00eb nga ne.<br \/>\nT\u00eb tre kandidat\u00ebve u urojm\u00eb suksese n\u00eb k\u00ebt\u00eb gar\u00eb. Nd\u00ebrsa t\u00eb gjith\u00eb juve an\u00ebtar\u00ebt e partis\u00eb demokratike ju b\u00ebjm\u00eb thirrje: votoni me nd\u00ebrgjegje, votoni p\u00ebr t\u00eb ardhmen, votoni p\u00ebr nj\u00eb parti m\u00eb t\u00eb fort\u00eb.<br \/>\nFaleminderit \u270c\ufe0f\u270c\ufe0f\u270c\ufe0f !<\/p>\n","protected":false},"excerpt":{"rendered":"<p>Me daten 3 maj demokratet e Gjirokastres do te thirren ne kutite e votimit per te zgjedhur kreun e ri te deges. Ndonese PD ne Gjirokaster kreun e saj e zgjodhi nje vit me pare, u desh qe serish demokratet te thirren per te zgjedhur kryetarin e ri ne kuader te riorganizimit te PD. Sipas [&hellip;]<\/p>\n","protected":false},"author":5,"featured_media":97736,"comment_status":"closed","ping_status":"closed","sticky":false,"template":"","format":"standard","meta":{"footnotes":""},"categories":[6326,6332],"tags":[41235],"class_list":{"0":"post-97735","1":"post","2":"type-post","3":"status-publish","4":"format-standard","5":"has-post-thumbnail","7":"category-politike","8":"category-te-fundit","9":"tag-tre-emra-dinjitoze-ne-gare-per-kreun-e-pd-se-gjirokaster"},"_links":{"self":[{"href":"https:\/\/jugulajm.net\/index.php?rest_route=\/wp\/v2\/posts\/97735","targetHints":{"allow":["GET"]}}],"collection":[{"href":"https:\/\/jugulajm.net\/index.php?rest_route=\/wp\/v2\/posts"}],"about":[{"href":"https:\/\/jugulajm.net\/index.php?rest_route=\/wp\/v2\/types\/post"}],"author":[{"embeddable":true,"href":"https:\/\/jugulajm.net\/index.php?rest_route=\/wp\/v2\/users\/5"}],"replies":[{"embeddable":true,"href":"https:\/\/jugulajm.net\/index.php?rest_route=%2Fwp%2Fv2%2Fcomments&post=97735"}],"version-history":[{"count":2,"href":"https:\/\/jugulajm.net\/index.php?rest_route=\/wp\/v2\/posts\/97735\/revisions"}],"predecessor-version":[{"id":97738,"href":"https:\/\/jugulajm.net\/index.php?rest_route=\/wp\/v2\/posts\/97735\/revisions\/97738"}],"wp:featuredmedia":[{"embeddable":true,"href":"https:\/\/jugulajm.net\/index.php?rest_route=\/wp\/v2\/media\/97736"}],"wp:attachment":[{"href":"https:\/\/jugulajm.net\/index.php?rest_route=%2Fwp%2Fv2%2Fmedia&parent=97735"}],"wp:term":[{"taxonomy":"category","embeddable":true,"href":"https:\/\/jugulajm.net\/index.php?rest_route=%2Fwp%2Fv2%2Fcategories&post=97735"},{"taxonomy":"post_tag","embeddable":true,"href":"https:\/\/jugulajm.net\/index.php?rest_route=%2Fwp%2Fv2%2Ftags&post=97735"}],"curies":[{"name":"wp","href":"https:\/\/api.w.org\/{rel}","templated":true}]}}