{"id":97727,"date":"2026-04-29T17:45:58","date_gmt":"2026-04-29T15:45:58","guid":{"rendered":"https:\/\/jugulajm.net\/?p=97727"},"modified":"2026-04-29T17:45:58","modified_gmt":"2026-04-29T15:45:58","slug":"lajm-i-fundit-aksident-benz-i-perplaset-me-bicikleten-humb-jeten-65-vjecari","status":"publish","type":"post","link":"https:\/\/jugulajm.net\/?p=97727","title":{"rendered":"LAJM I FUNDIT\/ Aksident, &#8220;Benz-i&#8221; p\u00ebrplaset me bi\u00e7iklet\u00ebn, humb jet\u00ebn 65-vje\u00e7ari"},"content":{"rendered":"<p>Nj\u00eb aksident i r\u00ebnd\u00eb me pasoj\u00eb vdekjen \u00ebsht\u00eb regjistruar pak minuta m\u00eb par\u00eb n\u00eb aksin rrugor &#8220;Fier-Seman&#8221;, n\u00eb vendin e njohur si &#8220;Ferma \u00c7lirim&#8221;.<\/p>\n<p>Sipas informacioneve paraprake, nj\u00eb bi\u00e7iklet\u00eb \u00ebsht\u00eb p\u00ebrplasur me nj\u00eb automjet tip \u2018Benz\u2019, duke shkaktuar plagosjen e r\u00ebnd\u00eb t\u00eb drejtuesit t\u00eb saj.<\/p>\n<p>P\u00ebr shkak t\u00eb d\u00ebmtimeve t\u00eb marra, ai ka nd\u00ebrruar jet\u00eb n\u00eb vendngjarje 65 vje\u00e7ari.<\/p>\n<p>Automjeti tip \u2018Benz\u2019 nga devijimi p\u00ebr t\u00eb mbrojtur \u00e7iklistin ka devijuar duke r\u00ebn\u00eb n\u00eb kanalin an\u00ebsor t\u00eb rrug\u00ebs.<\/p>\n<p>Menj\u00ebher\u00eb pas aksidentit, n\u00eb vendin e ngjarjes kan\u00eb mb\u00ebrritur sh\u00ebrbimet e Policis\u00eb Rrugore dhe grupi hetimor, t\u00eb cil\u00ebt po punojn\u00eb p\u00ebr zbardhjen e plot\u00eb t\u00eb rrethanave dhe p\u00ebrcaktimin e shkakut t\u00eb k\u00ebtij aksidenti tragjik.<\/p>\n","protected":false},"excerpt":{"rendered":"<p>Nj\u00eb aksident i r\u00ebnd\u00eb me pasoj\u00eb vdekjen \u00ebsht\u00eb regjistruar pak minuta m\u00eb par\u00eb n\u00eb aksin rrugor &#8220;Fier-Seman&#8221;, n\u00eb vendin e njohur si &#8220;Ferma \u00c7lirim&#8221;. Sipas informacioneve paraprake, nj\u00eb bi\u00e7iklet\u00eb \u00ebsht\u00eb p\u00ebrplasur me nj\u00eb automjet tip \u2018Benz\u2019, duke shkaktuar plagosjen e r\u00ebnd\u00eb t\u00eb drejtuesit t\u00eb saj. P\u00ebr shkak t\u00eb d\u00ebmtimeve t\u00eb marra, ai ka nd\u00ebrruar jet\u00eb [&hellip;]<\/p>\n","protected":false},"author":5,"featured_media":95779,"comment_status":"closed","ping_status":"closed","sticky":false,"template":"","format":"standard","meta":{"footnotes":""},"categories":[1,6332],"tags":[41232,6868,30302],"class_list":{"0":"post-97727","1":"post","2":"type-post","3":"status-publish","4":"format-standard","5":"has-post-thumbnail","7":"category-aktualitet","8":"category-te-fundit","9":"tag-benz-i-perplaset-me-bicikleten","10":"tag-aksident","11":"tag-humb-jeten-65-vjecari"},"_links":{"self":[{"href":"https:\/\/jugulajm.net\/index.php?rest_route=\/wp\/v2\/posts\/97727","targetHints":{"allow":["GET"]}}],"collection":[{"href":"https:\/\/jugulajm.net\/index.php?rest_route=\/wp\/v2\/posts"}],"about":[{"href":"https:\/\/jugulajm.net\/index.php?rest_route=\/wp\/v2\/types\/post"}],"author":[{"embeddable":true,"href":"https:\/\/jugulajm.net\/index.php?rest_route=\/wp\/v2\/users\/5"}],"replies":[{"embeddable":true,"href":"https:\/\/jugulajm.net\/index.php?rest_route=%2Fwp%2Fv2%2Fcomments&post=97727"}],"version-history":[{"count":1,"href":"https:\/\/jugulajm.net\/index.php?rest_route=\/wp\/v2\/posts\/97727\/revisions"}],"predecessor-version":[{"id":97728,"href":"https:\/\/jugulajm.net\/index.php?rest_route=\/wp\/v2\/posts\/97727\/revisions\/97728"}],"wp:featuredmedia":[{"embeddable":true,"href":"https:\/\/jugulajm.net\/index.php?rest_route=\/wp\/v2\/media\/95779"}],"wp:attachment":[{"href":"https:\/\/jugulajm.net\/index.php?rest_route=%2Fwp%2Fv2%2Fmedia&parent=97727"}],"wp:term":[{"taxonomy":"category","embeddable":true,"href":"https:\/\/jugulajm.net\/index.php?rest_route=%2Fwp%2Fv2%2Fcategories&post=97727"},{"taxonomy":"post_tag","embeddable":true,"href":"https:\/\/jugulajm.net\/index.php?rest_route=%2Fwp%2Fv2%2Ftags&post=97727"}],"curies":[{"name":"wp","href":"https:\/\/api.w.org\/{rel}","templated":true}]}}