{"id":97720,"date":"2026-04-29T14:13:32","date_gmt":"2026-04-29T12:13:32","guid":{"rendered":"https:\/\/jugulajm.net\/?p=97720"},"modified":"2026-04-29T14:13:32","modified_gmt":"2026-04-29T12:13:32","slug":"kosova-shkon-ne-zgjedhje-te-parakohshme-per-te-3-here-radhazi-kuvendi-szgjodhi-dot-presidentin","status":"publish","type":"post","link":"https:\/\/jugulajm.net\/?p=97720","title":{"rendered":"Kosova shkon n\u00eb zgjedhje t\u00eb parakohshme p\u00ebr t\u00eb 3 her\u00eb radhazi, Kuvendi s&#8217;zgjodhi dot Presidentin"},"content":{"rendered":"<p>Kosova do t\u00eb duhet t\u00eb mbaj\u00eb zgjedhjet e parakohshme brenda 45 dit\u00ebve si\u00e7 e p\u00ebrcakton Kushtetuta e vendit. Pasi nuk u arrit t\u00eb zgjidhej presidenti, dy datat e mundshme p\u00ebr mbajtjen e zgjedhjeve jan\u00eb 31 maji dhe 7 qershori.<\/p>\n<p>Vendimin p\u00ebrfundimtar do t\u00eb duhet ta marr\u00eb kryeparlamentarja aktuale Albulena Haxhiu e cila aktualisht \u00ebsht\u00eb ushtruese e detyr\u00ebs s\u00eb presidentes q\u00eb pas p\u00ebrfundimt t\u00eb mandatit t\u00eb Vjosa Osmanit.<\/p>\n<p>Kuvendi u shp\u00ebrnda n\u00eb mesnat\u00eb dhe me t\u00eb kaluar afati p\u00ebr zgjedhjen e Presidentit, vendi shkon zyrtarisht n\u00eb zgjedhje t\u00eb reja, edhe nj\u00eb her\u00eb tjet\u00ebr, p\u00ebr her\u00eb t\u00eb tret\u00eb brenda rreth nj\u00eb viti e gjysm\u00eb.<\/p>\n","protected":false},"excerpt":{"rendered":"<p>Kosova do t\u00eb duhet t\u00eb mbaj\u00eb zgjedhjet e parakohshme brenda 45 dit\u00ebve si\u00e7 e p\u00ebrcakton Kushtetuta e vendit. Pasi nuk u arrit t\u00eb zgjidhej presidenti, dy datat e mundshme p\u00ebr mbajtjen e zgjedhjeve jan\u00eb 31 maji dhe 7 qershori. Vendimin p\u00ebrfundimtar do t\u00eb duhet ta marr\u00eb kryeparlamentarja aktuale Albulena Haxhiu e cila aktualisht \u00ebsht\u00eb ushtruese [&hellip;]<\/p>\n","protected":false},"author":5,"featured_media":84532,"comment_status":"closed","ping_status":"closed","sticky":false,"template":"","format":"standard","meta":{"footnotes":""},"categories":[27451,6332],"tags":[41229,41230],"class_list":{"0":"post-97720","1":"post","2":"type-post","3":"status-publish","4":"format-standard","5":"has-post-thumbnail","7":"category-kosova","8":"category-te-fundit","9":"tag-kosova-shkon-ne-zgjedhje-te-parakohshme-per-te-3-here-radhazi","10":"tag-kuvendi-szgjodhi-dot-presidentin"},"_links":{"self":[{"href":"https:\/\/jugulajm.net\/index.php?rest_route=\/wp\/v2\/posts\/97720","targetHints":{"allow":["GET"]}}],"collection":[{"href":"https:\/\/jugulajm.net\/index.php?rest_route=\/wp\/v2\/posts"}],"about":[{"href":"https:\/\/jugulajm.net\/index.php?rest_route=\/wp\/v2\/types\/post"}],"author":[{"embeddable":true,"href":"https:\/\/jugulajm.net\/index.php?rest_route=\/wp\/v2\/users\/5"}],"replies":[{"embeddable":true,"href":"https:\/\/jugulajm.net\/index.php?rest_route=%2Fwp%2Fv2%2Fcomments&post=97720"}],"version-history":[{"count":1,"href":"https:\/\/jugulajm.net\/index.php?rest_route=\/wp\/v2\/posts\/97720\/revisions"}],"predecessor-version":[{"id":97721,"href":"https:\/\/jugulajm.net\/index.php?rest_route=\/wp\/v2\/posts\/97720\/revisions\/97721"}],"wp:featuredmedia":[{"embeddable":true,"href":"https:\/\/jugulajm.net\/index.php?rest_route=\/wp\/v2\/media\/84532"}],"wp:attachment":[{"href":"https:\/\/jugulajm.net\/index.php?rest_route=%2Fwp%2Fv2%2Fmedia&parent=97720"}],"wp:term":[{"taxonomy":"category","embeddable":true,"href":"https:\/\/jugulajm.net\/index.php?rest_route=%2Fwp%2Fv2%2Fcategories&post=97720"},{"taxonomy":"post_tag","embeddable":true,"href":"https:\/\/jugulajm.net\/index.php?rest_route=%2Fwp%2Fv2%2Ftags&post=97720"}],"curies":[{"name":"wp","href":"https:\/\/api.w.org\/{rel}","templated":true}]}}