{"id":97694,"date":"2026-04-28T19:21:11","date_gmt":"2026-04-28T17:21:11","guid":{"rendered":"https:\/\/jugulajm.net\/?p=97694"},"modified":"2026-04-28T19:21:11","modified_gmt":"2026-04-28T17:21:11","slug":"kryebashkiaku-i-kucoves-rrezikon-mandatin-gjykata-e-larte-te-vendose-kqz","status":"publish","type":"post","link":"https:\/\/jugulajm.net\/?p=97694","title":{"rendered":"Kryebashkiaku i Ku\u00e7ov\u00ebs rrezikon mandatin, Gjykata e Lart\u00eb: T\u00eb vendos\u00eb KQZ"},"content":{"rendered":"<p>Gjykata e Lart\u00eb ka rr\u00ebzuar rekursin e Kreshnik Hajdarit, kryebashkiak i Ku\u00e7ov\u00ebs, duke ia l\u00ebn\u00eb s\u00ebrish n\u00eb dor\u00eb KQZ fatin e mandatit t\u00eb tij.<\/p>\n<div class=\"jeg_ad jeg_ad_article jnews_content_inline_ads  \">\n<div class=\"ads-wrapper align-center \">\n<div class=\"ads_code\">\u00c7\u00ebshtja e ka origjin\u00ebn n\u00eb fushat\u00ebn e zgjedhjeve t\u00eb 14 majit, kur kandidati p\u00ebr Bashkin\u00eb e Ku\u00e7ov\u00ebs dor\u00ebzoi n\u00eb Komisionin Qendror t\u00eb Zgjedhjeve formularin e vet\u00ebdeklarimit. N\u00eb t\u00eb, pyetjes n\u00ebse ka qen\u00eb ndonj\u00ebher\u00eb i d\u00ebnuar me vendim gjyq\u00ebsor t\u00eb form\u00ebs s\u00eb prer\u00eb nga nj\u00eb autoritetet gjyq\u00ebsor n\u00eb Shqip\u00ebri apo n\u00eb nj\u00eb shtet t\u00eb huaj, Hajdari, i cili fitoi zgjedhjet n\u00ebn sigl\u00ebn e Partis\u00eb Socialiste i \u00ebsht\u00eb p\u00ebrgjigjur me \u201cJO\u201d.<\/div>\n<\/div>\n<\/div>\n<div class=\"jeg_ad jeg_ad_article jnews_content_inline_2_ads  \">\n<div class=\"ads-wrapper align-center \">\n<div class=\"ads_code\">Por pak muaj m\u00eb von\u00eb, drejt\u00ebsia greke konfirmoi se kryebashkiaku i Ku\u00e7ov\u00ebs ka qen\u00eb i d\u00ebnuar, p\u00ebrmes nj\u00eb shkrese dor\u00ebzuar me let\u00ebr-porosi ministris\u00eb son\u00eb t\u00eb Drejt\u00ebsis\u00eb.<\/div>\n<\/div>\n<\/div>\n<p>Gjykata n\u00eb Janin\u00eb e ka gjetur fajtor Hajdarin p\u00ebr hyrje n\u00eb territorin grek n\u00eb m\u00ebnyr\u00eb t\u00eb paligjshme dhe e ka d\u00ebnuar n\u00eb 23 qershor t\u00eb vitit 1999 me \u201cmas\u00eb riedukuese t\u00eb qortimit\u201d, pasi n\u00eb at\u00eb vit, kryebashkiaku i zgjedhur ka qen\u00eb vet\u00ebm 17 vje\u00e7. Sipas vendimit t\u00eb drejt\u00ebsis\u00eb greke, i pandehuri Kreshnik Hajdari, n\u00eb at\u00eb koh\u00eb me statusin pun\u00ebtor, ka qen\u00eb i pranish\u00ebm n\u00eb procesin gjyq\u00ebsor.<\/p>\n<p>Gjykata e Lart\u00eb argumenton se p\u00ebr aq koh\u00eb sa KQZ nuk \u00ebsht\u00eb shprehur me nj\u00eb vendim shterues n\u00ebse z. Hajdari preket apo jo nga ligji i dekriminalizimit, at\u00ebher\u00eb nuk ka \u00e7far\u00eb gjykohet.<\/p>\n<p>KQZ e ka lejuar Hajdarin t\u00eb kandidoj\u00eb, duke vler\u00ebsuar se ai nuk preket nga efektet e dekriminalizimit, por ka qen\u00eb Komisioni i Apelimeve n\u00eb KQZ, KAS, q\u00eb ka k\u00ebrkuar q\u00eb \u00e7\u00ebshtja t\u00eb rihetohet dhe KQZ t\u00eb dal\u00eb me nj\u00eb vendimmarrje.<\/p>\n","protected":false},"excerpt":{"rendered":"<p>Gjykata e Lart\u00eb ka rr\u00ebzuar rekursin e Kreshnik Hajdarit, kryebashkiak i Ku\u00e7ov\u00ebs, duke ia l\u00ebn\u00eb s\u00ebrish n\u00eb dor\u00eb KQZ fatin e mandatit t\u00eb tij. \u00c7\u00ebshtja e ka origjin\u00ebn n\u00eb fushat\u00ebn e zgjedhjeve t\u00eb 14 majit, kur kandidati p\u00ebr Bashkin\u00eb e Ku\u00e7ov\u00ebs dor\u00ebzoi n\u00eb Komisionin Qendror t\u00eb Zgjedhjeve formularin e vet\u00ebdeklarimit. N\u00eb t\u00eb, pyetjes n\u00ebse ka [&hellip;]<\/p>\n","protected":false},"author":5,"featured_media":61282,"comment_status":"closed","ping_status":"closed","sticky":false,"template":"","format":"standard","meta":{"footnotes":""},"categories":[1,6326,6332],"tags":[41221,41220],"class_list":{"0":"post-97694","1":"post","2":"type-post","3":"status-publish","4":"format-standard","5":"has-post-thumbnail","7":"category-aktualitet","8":"category-politike","9":"category-te-fundit","10":"tag-gjykata-e-larte-te-vendose-kqz","11":"tag-kryebashkiaku-i-kucoves-rrezikon-mandatin"},"_links":{"self":[{"href":"https:\/\/jugulajm.net\/index.php?rest_route=\/wp\/v2\/posts\/97694","targetHints":{"allow":["GET"]}}],"collection":[{"href":"https:\/\/jugulajm.net\/index.php?rest_route=\/wp\/v2\/posts"}],"about":[{"href":"https:\/\/jugulajm.net\/index.php?rest_route=\/wp\/v2\/types\/post"}],"author":[{"embeddable":true,"href":"https:\/\/jugulajm.net\/index.php?rest_route=\/wp\/v2\/users\/5"}],"replies":[{"embeddable":true,"href":"https:\/\/jugulajm.net\/index.php?rest_route=%2Fwp%2Fv2%2Fcomments&post=97694"}],"version-history":[{"count":1,"href":"https:\/\/jugulajm.net\/index.php?rest_route=\/wp\/v2\/posts\/97694\/revisions"}],"predecessor-version":[{"id":97695,"href":"https:\/\/jugulajm.net\/index.php?rest_route=\/wp\/v2\/posts\/97694\/revisions\/97695"}],"wp:featuredmedia":[{"embeddable":true,"href":"https:\/\/jugulajm.net\/index.php?rest_route=\/wp\/v2\/media\/61282"}],"wp:attachment":[{"href":"https:\/\/jugulajm.net\/index.php?rest_route=%2Fwp%2Fv2%2Fmedia&parent=97694"}],"wp:term":[{"taxonomy":"category","embeddable":true,"href":"https:\/\/jugulajm.net\/index.php?rest_route=%2Fwp%2Fv2%2Fcategories&post=97694"},{"taxonomy":"post_tag","embeddable":true,"href":"https:\/\/jugulajm.net\/index.php?rest_route=%2Fwp%2Fv2%2Ftags&post=97694"}],"curies":[{"name":"wp","href":"https:\/\/api.w.org\/{rel}","templated":true}]}}