{"id":97682,"date":"2026-04-28T14:00:08","date_gmt":"2026-04-28T12:00:08","guid":{"rendered":"https:\/\/jugulajm.net\/?p=97682"},"modified":"2026-04-28T14:00:08","modified_gmt":"2026-04-28T12:00:08","slug":"spiropali-i-pergjigjet-rames-me-perjashto-as-qe","status":"publish","type":"post","link":"https:\/\/jugulajm.net\/?p=97682","title":{"rendered":"Spiropali i p\u00ebrgjigjet Ram\u00ebs: M\u00eb p\u00ebrjashto, as q\u00eb&#8230;"},"content":{"rendered":"<p>M\u00eb p\u00ebrjashto<br \/>\nDebatet e brendshme, sado t\u00eb forta, nuk duhet t\u00eb shndrrohen n\u00eb spektak\u00ebl nd\u00ebshkimor publik.<br \/>\nN\u00ebse kjo ndodh, problemi nuk \u00ebsht\u00eb m\u00eb mospajtimi, \u00ebsht\u00eb frika nga mospajtimi.<br \/>\nKy fakt kok\u00ebfort, ky konstatim i duksh\u00ebm, m\u00eb tep\u00ebr se vet\u00eb paralajm\u00ebrimi, m\u00eb detyron t\u00eb flas.<br \/>\nKur paralajm\u00ebrimi publik b\u00ebhet instrument k\u00ebrc\u00ebnimi, heshtja nuk \u00ebsht\u00eb m\u00eb maturi, \u00ebsht\u00eb dor\u00ebzim.<br \/>\nN\u00ebse q\u00ebndrimi im p\u00ebr m\u00ebnyr\u00ebn si po funksionon partia, qeveria, shteti, konsiderohet arsye p\u00ebr p\u00ebrjashtim, at\u00ebher\u00eb po e them qet\u00eb dhe qart\u00eb: M\u00eb p\u00ebrjashto.<br \/>\nJo si sfid\u00eb personale. Jo si dram\u00eb politike. Jo si show mediatik. Por si prov\u00eb se problemi nuk \u00ebsht\u00eb te fjala q\u00eb ngre shqet\u00ebsim, por te sistemi q\u00eb shqet\u00ebsimin nuk e duron.<br \/>\nNuk kam sulmuar Partis\u00eb Socialiste. Kam kritikuar modelin q\u00eb n\u00eb disa aspekte po d\u00ebmton edhe Partin\u00eb Socialiste.<br \/>\nKam folur p\u00ebr ndarjen e partis\u00eb nga shteti. P\u00ebr rrezikun q\u00eb politika t\u00eb z\u00ebvend\u00ebsohet nga administrimi. P\u00ebr nj\u00eb logjik\u00eb kontrolli. Ku struktura burokratike dhe pushteti administrativ rrezikojn\u00eb t\u00eb marrin vendin e p\u00ebrfaq\u00ebsimit politik.<br \/>\nN\u00ebse k\u00ebto konsiderohen arsye p\u00ebr p\u00ebrjashtim, at\u00ebher\u00eb pyetja nuk \u00ebsht\u00eb pse flas un\u00eb. Pyetja \u00ebsht\u00eb pse k\u00ebto gj\u00ebra nuk lejohen t\u00eb thuhen.<br \/>\nPushteti nuk dob\u00ebsohet nga kritika. Pushteti dob\u00ebsohet kur humb aft\u00ebsin\u00eb p\u00ebr vet\u00ebkorrigjim.<br \/>\nN\u00ebse n\u00eb nj\u00eb forc\u00eb politike q\u00eb ka lindur si projekt emancipimi komb\u00ebtar, kritika trajtohet si devijim, at\u00ebher\u00eb problemi \u00ebsht\u00eb m\u00eb i thell\u00eb se \u00e7do debat. \u00cbsht\u00eb kriz\u00eb kulture politike.<br \/>\nN\u00ebse t\u00eb k\u00ebrkosh q\u00eb institucionet t\u00eb mos kontrollohen, personalizohen, instrumentalizohen, \u00ebsht\u00eb faj, at\u00ebher\u00eb m\u00eb p\u00ebrjashto.<br \/>\nN\u00ebse t\u00eb k\u00ebrkosh gar\u00eb e merit\u00eb, brenda e jasht\u00eb partis\u00eb \u00ebsht\u00eb faj, m\u00eb p\u00ebrjashto.<br \/>\nN\u00ebse t\u00eb k\u00ebrkosh q\u00eb socialist\u00ebt t\u00eb mos z\u00ebvend\u00ebsohen nga nj\u00eb model \u201cdrejtorokracie\u201d, ku kontributi politik zbehet p\u00ebrball\u00eb kontrollit administrativ, qenka munges\u00eb disipline, m\u00eb p\u00ebrjashto.<br \/>\nN\u00ebse t\u00eb mendosh se pushteti duhet t\u00eb njoh\u00eb vetkufizim, dhe nuk duhet t\u00eb nj\u00ebsohet me strukturat q\u00eb e rrethojn\u00eb, qenka herezi e papranueshme, m\u00eb p\u00ebrjashto.<br \/>\nNuk po mbroj nj\u00eb pozicion. Aq m\u00eb pak nj\u00eb kolltuk. Kryetarll\u00ebkun dhe minist\u00ebrll\u00ebkun nuk ma ka l\u00ebn\u00eb gjyshi apo gjyshja. Po mbroj nj\u00eb parim.<br \/>\nN\u00eb politik\u00eb mospajtimi nuk \u00ebsht\u00eb thyerje e besnik\u00ebris\u00eb.<br \/>\nMospajtimi \u00ebsht\u00eb forma m\u00eb e lart\u00eb e besnik\u00ebris\u00eb.<\/p>\n","protected":false},"excerpt":{"rendered":"<p>M\u00eb p\u00ebrjashto Debatet e brendshme, sado t\u00eb forta, nuk duhet t\u00eb shndrrohen n\u00eb spektak\u00ebl nd\u00ebshkimor publik. N\u00ebse kjo ndodh, problemi nuk \u00ebsht\u00eb m\u00eb mospajtimi, \u00ebsht\u00eb frika nga mospajtimi. Ky fakt kok\u00ebfort, ky konstatim i duksh\u00ebm, m\u00eb tep\u00ebr se vet\u00eb paralajm\u00ebrimi, m\u00eb detyron t\u00eb flas. Kur paralajm\u00ebrimi publik b\u00ebhet instrument k\u00ebrc\u00ebnimi, heshtja nuk \u00ebsht\u00eb m\u00eb maturi, [&hellip;]<\/p>\n","protected":false},"author":5,"featured_media":76008,"comment_status":"closed","ping_status":"closed","sticky":false,"template":"","format":"standard","meta":{"footnotes":""},"categories":[6326,6332],"tags":[41211,41210],"class_list":{"0":"post-97682","1":"post","2":"type-post","3":"status-publish","4":"format-standard","5":"has-post-thumbnail","7":"category-politike","8":"category-te-fundit","9":"tag-as-qe","10":"tag-spiropali-i-pergjigjet-rames-me-perjashto"},"_links":{"self":[{"href":"https:\/\/jugulajm.net\/index.php?rest_route=\/wp\/v2\/posts\/97682","targetHints":{"allow":["GET"]}}],"collection":[{"href":"https:\/\/jugulajm.net\/index.php?rest_route=\/wp\/v2\/posts"}],"about":[{"href":"https:\/\/jugulajm.net\/index.php?rest_route=\/wp\/v2\/types\/post"}],"author":[{"embeddable":true,"href":"https:\/\/jugulajm.net\/index.php?rest_route=\/wp\/v2\/users\/5"}],"replies":[{"embeddable":true,"href":"https:\/\/jugulajm.net\/index.php?rest_route=%2Fwp%2Fv2%2Fcomments&post=97682"}],"version-history":[{"count":1,"href":"https:\/\/jugulajm.net\/index.php?rest_route=\/wp\/v2\/posts\/97682\/revisions"}],"predecessor-version":[{"id":97683,"href":"https:\/\/jugulajm.net\/index.php?rest_route=\/wp\/v2\/posts\/97682\/revisions\/97683"}],"wp:featuredmedia":[{"embeddable":true,"href":"https:\/\/jugulajm.net\/index.php?rest_route=\/wp\/v2\/media\/76008"}],"wp:attachment":[{"href":"https:\/\/jugulajm.net\/index.php?rest_route=%2Fwp%2Fv2%2Fmedia&parent=97682"}],"wp:term":[{"taxonomy":"category","embeddable":true,"href":"https:\/\/jugulajm.net\/index.php?rest_route=%2Fwp%2Fv2%2Fcategories&post=97682"},{"taxonomy":"post_tag","embeddable":true,"href":"https:\/\/jugulajm.net\/index.php?rest_route=%2Fwp%2Fv2%2Ftags&post=97682"}],"curies":[{"name":"wp","href":"https:\/\/api.w.org\/{rel}","templated":true}]}}