{"id":97679,"date":"2026-04-28T12:33:36","date_gmt":"2026-04-28T10:33:36","guid":{"rendered":"https:\/\/jugulajm.net\/?p=97679"},"modified":"2026-04-28T12:33:36","modified_gmt":"2026-04-28T10:33:36","slug":"berisha-per-transformimin-e-metes-kane-ushtruar-dhune-dhe-terror-psikologjik-ndaj-tij","status":"publish","type":"post","link":"https:\/\/jugulajm.net\/?p=97679","title":{"rendered":"Berisha p\u00ebr transformimin e Met\u00ebs: Kan\u00eb ushtruar dhun\u00eb dhe terror psikologjik ndaj tij"},"content":{"rendered":"<p>Kryedemokrati Sali Berisha ka reaguar p\u00ebr her\u00eb t\u00eb par\u00eb pas seanc\u00ebs s\u00eb gjyqit t\u00eb Ilir Met\u00ebs t\u00eb transmetuar dit\u00ebn e djeshme ku u vu re edhe nj\u00eb transformim n\u00eb pamjen e ish-presidentit. Berisha tha se ndaj Met\u00ebs \u00ebsht\u00eb ushtruar dhun\u00eb e terror psikologjik.<\/p>\n<p><main><\/p>\n<div class=\"wrapper\">\n<div class=\"layout_content container\">\n<div class=\"layout-form\">\n<div class=\"layout-form_body flex-c\">\n<div class=\"layout-form_body_left\">\n<div class=\"layout-form_article-body\">\n<p><em>\u201c\u00cbsht\u00eb ushtruar dhun\u00eb dhe terror psikologjik, periodik, madje edhe fizik, jan\u00eb organizuar provokacione nga m\u00eb t\u00eb ul\u00ebtat e rrezikshmet, jan\u00eb dhunuar t\u00eb drejtat kushtetuese dhe qytetare\u201d,<\/em>\u00a0tha Berisha duke k\u00ebrkuar lirimin e menj\u00ebhersh\u00ebm t\u00eb tij dhe nd\u00ebrhyrjen urgjente t\u00eb Komitetit Antitortur\u00eb t\u00eb K\u00ebshillit t\u00eb Europ\u00ebs.<\/p>\n<p>Sipas kreut t\u00eb PD, duhet q\u00eb \u00e7do seanc\u00eb gjyq\u00ebsore t\u00eb jet\u00eb publike n\u00eb m\u00ebnyr\u00eb q\u00eb asgj\u00eb t\u00eb mos mbahet e fshehur nga publiku.<\/p>\n<p><em>\u201cMendoj dhe kam bindjen m\u00eb t\u00eb thell\u00eb se \u00e7do seanc\u00eb, p\u00ebrjashto ato q\u00eb kan\u00eb sekrete t\u00eb siguris\u00eb dhe mbrojtjes s\u00eb vendit, duhet t\u00eb jen\u00eb publike. Kjo \u00ebsht\u00eb nj\u00eb norm\u00eb p\u00ebr \u00e7do vend t\u00eb lir\u00eb. Kur nj\u00eb seanc\u00eb b\u00ebhet e mbyllur, b\u00ebhet p\u00ebr q\u00ebllime t\u00eb sekretit shtet\u00ebror dhe asgj\u00eb tjet\u00ebr s\u2019mund t\u00eb mbahet fshehur nga mediat dhe publiku. Ky \u00ebsht\u00eb standardi i \u00e7do vendi t\u00eb lir\u00eb\u201d-<\/em> shtoi Berisha.<\/p>\n<\/div>\n<\/div>\n<\/div>\n<\/div>\n<\/div>\n<\/div>\n<p><\/main><\/p>\n","protected":false},"excerpt":{"rendered":"<p>Kryedemokrati Sali Berisha ka reaguar p\u00ebr her\u00eb t\u00eb par\u00eb pas seanc\u00ebs s\u00eb gjyqit t\u00eb Ilir Met\u00ebs t\u00eb transmetuar dit\u00ebn e djeshme ku u vu re edhe nj\u00eb transformim n\u00eb pamjen e ish-presidentit. Berisha tha se ndaj Met\u00ebs \u00ebsht\u00eb ushtruar dhun\u00eb e terror psikologjik. \u201c\u00cbsht\u00eb ushtruar dhun\u00eb dhe terror psikologjik, periodik, madje edhe fizik, jan\u00eb organizuar [&hellip;]<\/p>\n","protected":false},"author":5,"featured_media":97680,"comment_status":"closed","ping_status":"closed","sticky":false,"template":"","format":"standard","meta":{"footnotes":""},"categories":[1,6326,6332],"tags":[41209],"class_list":{"0":"post-97679","1":"post","2":"type-post","3":"status-publish","4":"format-standard","5":"has-post-thumbnail","7":"category-aktualitet","8":"category-politike","9":"category-te-fundit","10":"tag-berisha-per-transformimin-e-metes-kane-ushtruar-dhune-dhe-terror-psikologjik-ndaj-tij"},"_links":{"self":[{"href":"https:\/\/jugulajm.net\/index.php?rest_route=\/wp\/v2\/posts\/97679","targetHints":{"allow":["GET"]}}],"collection":[{"href":"https:\/\/jugulajm.net\/index.php?rest_route=\/wp\/v2\/posts"}],"about":[{"href":"https:\/\/jugulajm.net\/index.php?rest_route=\/wp\/v2\/types\/post"}],"author":[{"embeddable":true,"href":"https:\/\/jugulajm.net\/index.php?rest_route=\/wp\/v2\/users\/5"}],"replies":[{"embeddable":true,"href":"https:\/\/jugulajm.net\/index.php?rest_route=%2Fwp%2Fv2%2Fcomments&post=97679"}],"version-history":[{"count":1,"href":"https:\/\/jugulajm.net\/index.php?rest_route=\/wp\/v2\/posts\/97679\/revisions"}],"predecessor-version":[{"id":97681,"href":"https:\/\/jugulajm.net\/index.php?rest_route=\/wp\/v2\/posts\/97679\/revisions\/97681"}],"wp:featuredmedia":[{"embeddable":true,"href":"https:\/\/jugulajm.net\/index.php?rest_route=\/wp\/v2\/media\/97680"}],"wp:attachment":[{"href":"https:\/\/jugulajm.net\/index.php?rest_route=%2Fwp%2Fv2%2Fmedia&parent=97679"}],"wp:term":[{"taxonomy":"category","embeddable":true,"href":"https:\/\/jugulajm.net\/index.php?rest_route=%2Fwp%2Fv2%2Fcategories&post=97679"},{"taxonomy":"post_tag","embeddable":true,"href":"https:\/\/jugulajm.net\/index.php?rest_route=%2Fwp%2Fv2%2Ftags&post=97679"}],"curies":[{"name":"wp","href":"https:\/\/api.w.org\/{rel}","templated":true}]}}