{"id":97664,"date":"2026-04-27T18:48:46","date_gmt":"2026-04-27T16:48:46","guid":{"rendered":"https:\/\/jugulajm.net\/?p=97664"},"modified":"2026-04-27T18:48:46","modified_gmt":"2026-04-27T16:48:46","slug":"berisha-mbledhje-me-kryetaret-e-degeve-te-pd-se-rama-e-ka-kthyer-ps-ne-ne-lecke","status":"publish","type":"post","link":"https:\/\/jugulajm.net\/?p=97664","title":{"rendered":"Berisha mbledhje me kryetar\u00ebt e deg\u00ebve t\u00eb PD-s\u00eb: Rama e ka kthyer PS-n\u00eb n\u00eb leck\u00eb"},"content":{"rendered":"<p>Kreu i Partis\u00eb Demokratike, Sali Berisha, po zhvillon pasditen e k\u00ebsaj t\u00eb h\u00ebne, m\u00eb 27 prill, nj\u00eb mbledhje me kryetar\u00ebt e deg\u00ebve t\u00eb k\u00ebsaj force politike.<\/p>\n<p><em>\u201cS\u00eb pari nj\u00eb p\u00ebrsh\u00ebndetje shum\u00eb t\u00eb p\u00ebrzem\u00ebrt dhe nj\u00eb urim nga zemra p\u00ebr t\u00eb gjith\u00eb ata q\u00eb jan\u00eb zgjedhur apo rizgjedhur n\u00eb procesin zgjedhor, t\u00eb bazuar n\u00eb vot\u00ebn, vullnetin e an\u00ebtar\u00ebve t\u00eb PD-s\u00eb.<\/em><\/p>\n<p><em>Proces q\u00eb bazohet n\u00eb vlerat m\u00eb themelore t\u00eb vendimmarrjes demokratike, n\u00eb dallim nga partia e krimit, n\u00eb dallim nga organizata kriminale q\u00eb udh\u00ebhiqet nga vras\u00ebs, trafikant\u00eb, pla\u00e7kit\u00ebs, antishqiptar\u00eb t\u00eb v\u00ebrtet\u00eb. E cila nga viti 2009 gjer sot, nuk di se \u00e7do t\u00eb thot\u00eb m\u00eb vot\u00eb. E t\u00ebra e shtruar n\u00eb funksion t\u00eb nj\u00eb njeriu t\u00eb cilit p\u00ebr t\u00eb mos prishur goj\u00ebn, por i shkon \u00e7do epitet i merituar, t\u00eb nj\u00eb njeriu q\u00eb ka shnd\u00ebrrue at\u00eb parti n\u00eb nj\u00eb leck\u00eb t\u00eb vet\u00ebn, t\u00eb nj\u00eb njeri q\u00eb e ka shnd\u00ebrruar at\u00eb parti q\u00eb ka lindur n\u00eb krim, \u00ebsht\u00eb ushqyer me krim dhe sot \u00ebsht\u00eb kriminele jo vet\u00ebm n\u00eb gen, por edhe n\u00eb veprimtarin\u00eb e saj ndaj qytetar\u00ebve shqiptar\u00eb. N\u00eb veprimtarin\u00eb e saj ndaj Shqip\u00ebris\u00eb.\u201d<\/em>, tha Berisha.<\/p>\n","protected":false},"excerpt":{"rendered":"<p>Kreu i Partis\u00eb Demokratike, Sali Berisha, po zhvillon pasditen e k\u00ebsaj t\u00eb h\u00ebne, m\u00eb 27 prill, nj\u00eb mbledhje me kryetar\u00ebt e deg\u00ebve t\u00eb k\u00ebsaj force politike. \u201cS\u00eb pari nj\u00eb p\u00ebrsh\u00ebndetje shum\u00eb t\u00eb p\u00ebrzem\u00ebrt dhe nj\u00eb urim nga zemra p\u00ebr t\u00eb gjith\u00eb ata q\u00eb jan\u00eb zgjedhur apo rizgjedhur n\u00eb procesin zgjedhor, t\u00eb bazuar n\u00eb vot\u00ebn, vullnetin [&hellip;]<\/p>\n","protected":false},"author":5,"featured_media":59192,"comment_status":"closed","ping_status":"closed","sticky":false,"template":"","format":"standard","meta":{"footnotes":""},"categories":[6326,6332],"tags":[41201],"class_list":{"0":"post-97664","1":"post","2":"type-post","3":"status-publish","4":"format-standard","5":"has-post-thumbnail","7":"category-politike","8":"category-te-fundit","9":"tag-berisha-mbledhje-me-kryetaret-e-degeve-te-pd-se-rama-e-ka-kthyer-ps-ne-ne-lecke"},"_links":{"self":[{"href":"https:\/\/jugulajm.net\/index.php?rest_route=\/wp\/v2\/posts\/97664","targetHints":{"allow":["GET"]}}],"collection":[{"href":"https:\/\/jugulajm.net\/index.php?rest_route=\/wp\/v2\/posts"}],"about":[{"href":"https:\/\/jugulajm.net\/index.php?rest_route=\/wp\/v2\/types\/post"}],"author":[{"embeddable":true,"href":"https:\/\/jugulajm.net\/index.php?rest_route=\/wp\/v2\/users\/5"}],"replies":[{"embeddable":true,"href":"https:\/\/jugulajm.net\/index.php?rest_route=%2Fwp%2Fv2%2Fcomments&post=97664"}],"version-history":[{"count":1,"href":"https:\/\/jugulajm.net\/index.php?rest_route=\/wp\/v2\/posts\/97664\/revisions"}],"predecessor-version":[{"id":97665,"href":"https:\/\/jugulajm.net\/index.php?rest_route=\/wp\/v2\/posts\/97664\/revisions\/97665"}],"wp:featuredmedia":[{"embeddable":true,"href":"https:\/\/jugulajm.net\/index.php?rest_route=\/wp\/v2\/media\/59192"}],"wp:attachment":[{"href":"https:\/\/jugulajm.net\/index.php?rest_route=%2Fwp%2Fv2%2Fmedia&parent=97664"}],"wp:term":[{"taxonomy":"category","embeddable":true,"href":"https:\/\/jugulajm.net\/index.php?rest_route=%2Fwp%2Fv2%2Fcategories&post=97664"},{"taxonomy":"post_tag","embeddable":true,"href":"https:\/\/jugulajm.net\/index.php?rest_route=%2Fwp%2Fv2%2Ftags&post=97664"}],"curies":[{"name":"wp","href":"https:\/\/api.w.org\/{rel}","templated":true}]}}