{"id":97656,"date":"2026-04-27T13:20:16","date_gmt":"2026-04-27T11:20:16","guid":{"rendered":"https:\/\/jugulajm.net\/?p=97656"},"modified":"2026-04-27T13:20:16","modified_gmt":"2026-04-27T11:20:16","slug":"ish-presidenti-meta-reagon-pas-perfundimit-te-gjyqit-nuk-respektohet-as","status":"publish","type":"post","link":"https:\/\/jugulajm.net\/?p=97656","title":{"rendered":"Ish-presidenti Meta reagon pas p\u00ebrfundimit t\u00eb gjyqit: Nuk respektohet as&#8230;"},"content":{"rendered":"<p>Ish-Presidenti Ilir Meta ka reaguar ashp\u00ebr pas p\u00ebrfundimit t\u00eb seanc\u00ebs gjyq\u00ebsore, duke akuzuar sistemin e drejt\u00ebsis\u00eb p\u00ebr standarde t\u00eb dyfishta dhe ndikim politik n\u00eb proceset gjyq\u00ebsore.<\/p>\n<p>P\u00ebrmes nj\u00eb postimi n\u00eb rrjetet sociale, Meta shkruan se nuk \u00ebsht\u00eb \u00e7uditur nga \u2018drejt\u00ebsia me regji\u2019, sipas tij, nd\u00ebrsa shton se \u2018nuk u respektua as standardi i gjykimit t\u00eb ish-kryeministrit Fatos Nano dhe funksionar\u00ebve t\u00eb regjimit komunist , kur Shqip\u00ebria nuk ishte an\u00ebtare e K\u00ebshillit t\u00eb Europ\u00ebs\u2019.<\/p>\n<p>\u201cAsnj\u00eb \u00e7udi nga Drejt\u00ebsia me Regji. Edhe kur Shqip\u00ebria nuk ishte an\u00ebtare e K\u00ebshillit t\u00eb Europ\u00ebs, funksionar\u00ebt publik\u00eb gjykoheshin pran\u00eb avokat\u00ebve t\u00eb tyre dhe \u00e7do seanc\u00eb gjykimi transmetohej live.<\/p>\n<p>Por n\u00eb drejt\u00ebsin\u00eb e George Sorosit, t\u00eb realizuar me angazhimin e ditur t\u00eb Charles McGonigal dhe plot t\u00eb tjer\u00ebve si ai, n\u00eb vend q\u00eb t\u00eb respektohet Kushtetuta, Konventa Europiane p\u00ebr t\u00eb Drejtat e Njeriut dhe thirrja e Komitetit Shqiptar t\u00eb Helsinkit, shnd\u00ebrrohet n\u00eb norm\u00eb standardi i gjykimit t\u00eb nj\u00eb terroristi n\u00eb Franc\u00eb dhe jo standardi i gjykimit t\u00eb Presidentit t\u00eb Franc\u00ebs, Sarkozi.<\/p>\n<p>Madje drejt\u00ebsia sorosiste nuk respekton as standardin e gjykimit t\u00eb ish-Kryeministrit Nano dhe ish-funksionar\u00ebve t\u00eb regjimit komunist, kur e theksoj, Shqip\u00ebria nuk ishte an\u00ebtare e K\u00ebshillit t\u00eb Europ\u00ebs.<br \/>\nLoja e zvarritjeve t\u00eb seancave, me sebepe nga m\u00eb t\u00eb ndryshmet, vazhdon n\u00ebn dirigjimin e prokuror\u00ebve, t\u00eb cil\u00ebt dihet se kush i komandon.<\/p>\n<p>Sidoqoft\u00eb, ka nj\u00eb \u201ckoherenc\u00eb\u201d t\u00eb plot\u00eb, nga standardet e rr\u00ebmbimit tim m\u00eb 21 tetor 2024 e deri te standardet e sotme t\u00eb gjykimit, sepse p\u00ebr k\u00ebt\u00eb regjim kukullash, t\u00eb jesh patriot ne fakt do t\u00eb thot\u00eb t\u00eb jesh terrorist.<\/p>\n<p>Jam krenar p\u00ebr patriotizmin tim dhe kjo m\u00eb b\u00ebn t\u00eb pamposhtur dhe superior p\u00ebrball\u00eb burracak\u00ebve, q\u00eb i sh\u00ebrbejn\u00eb band\u00ebs nd\u00ebrkomb\u00ebtare t\u00eb George Sorosit dhe Kuislingut t\u00eb tij n\u00eb Tiran\u00eb, q\u00eb ka nxjerr\u00eb n\u00eb shitje \u00e7do interes komb\u00ebtar.\u201d, shkruan Meta.<\/p>\n","protected":false},"excerpt":{"rendered":"<p>Ish-Presidenti Ilir Meta ka reaguar ashp\u00ebr pas p\u00ebrfundimit t\u00eb seanc\u00ebs gjyq\u00ebsore, duke akuzuar sistemin e drejt\u00ebsis\u00eb p\u00ebr standarde t\u00eb dyfishta dhe ndikim politik n\u00eb proceset gjyq\u00ebsore. P\u00ebrmes nj\u00eb postimi n\u00eb rrjetet sociale, Meta shkruan se nuk \u00ebsht\u00eb \u00e7uditur nga \u2018drejt\u00ebsia me regji\u2019, sipas tij, nd\u00ebrsa shton se \u2018nuk u respektua as standardi i gjykimit t\u00eb [&hellip;]<\/p>\n","protected":false},"author":5,"featured_media":97657,"comment_status":"closed","ping_status":"closed","sticky":false,"template":"","format":"standard","meta":{"footnotes":""},"categories":[1,6332,29228],"tags":[41198],"class_list":{"0":"post-97656","1":"post","2":"type-post","3":"status-publish","4":"format-standard","5":"has-post-thumbnail","7":"category-aktualitet","8":"category-te-fundit","9":"category-vendi","10":"tag-ish-presidenti-meta-reagon-pas-perfundimit-te-gjyqit-nuk-respektohet-as"},"_links":{"self":[{"href":"https:\/\/jugulajm.net\/index.php?rest_route=\/wp\/v2\/posts\/97656","targetHints":{"allow":["GET"]}}],"collection":[{"href":"https:\/\/jugulajm.net\/index.php?rest_route=\/wp\/v2\/posts"}],"about":[{"href":"https:\/\/jugulajm.net\/index.php?rest_route=\/wp\/v2\/types\/post"}],"author":[{"embeddable":true,"href":"https:\/\/jugulajm.net\/index.php?rest_route=\/wp\/v2\/users\/5"}],"replies":[{"embeddable":true,"href":"https:\/\/jugulajm.net\/index.php?rest_route=%2Fwp%2Fv2%2Fcomments&post=97656"}],"version-history":[{"count":1,"href":"https:\/\/jugulajm.net\/index.php?rest_route=\/wp\/v2\/posts\/97656\/revisions"}],"predecessor-version":[{"id":97658,"href":"https:\/\/jugulajm.net\/index.php?rest_route=\/wp\/v2\/posts\/97656\/revisions\/97658"}],"wp:featuredmedia":[{"embeddable":true,"href":"https:\/\/jugulajm.net\/index.php?rest_route=\/wp\/v2\/media\/97657"}],"wp:attachment":[{"href":"https:\/\/jugulajm.net\/index.php?rest_route=%2Fwp%2Fv2%2Fmedia&parent=97656"}],"wp:term":[{"taxonomy":"category","embeddable":true,"href":"https:\/\/jugulajm.net\/index.php?rest_route=%2Fwp%2Fv2%2Fcategories&post=97656"},{"taxonomy":"post_tag","embeddable":true,"href":"https:\/\/jugulajm.net\/index.php?rest_route=%2Fwp%2Fv2%2Ftags&post=97656"}],"curies":[{"name":"wp","href":"https:\/\/api.w.org\/{rel}","templated":true}]}}