{"id":97639,"date":"2026-04-26T16:56:32","date_gmt":"2026-04-26T14:56:32","guid":{"rendered":"https:\/\/jugulajm.net\/?p=97639"},"modified":"2026-04-26T16:56:32","modified_gmt":"2026-04-26T14:56:32","slug":"atentati-me-2-te-vrare-flet-drejtori-i-policise-eshte-konstatuar-se-gjate-levizjes","status":"publish","type":"post","link":"https:\/\/jugulajm.net\/?p=97639","title":{"rendered":"Atentati me 2 t\u00eb vrar\u00eb, flet Drejtori i Policis\u00eb: \u00cbsht\u00eb konstatuar se gjat\u00eb l\u00ebvizjes&#8230;"},"content":{"rendered":"<p>Drejtori i Drejtoris\u00eb Vendore t\u00eb Policis\u00eb s\u00eb Lezh\u00ebs, Arben Nasufi, ka folur p\u00ebr atentatin e ndodhur n\u00eb Lezh\u00eb, ku mbet\u00ebn viktima Kreshnik Mujeci dhe gruaja e tij.<\/p>\n<p>P\u00ebrmes nj\u00eb deklarate p\u00ebr mediat, Nasufi tha se ndaj Audit Q7 me t\u00eb cilin udh\u00ebtonin dy viktimat, \u00ebsht\u00eb q\u00eblluar me bresh\u00ebri arm\u00ebsh zjarri.<\/p>\n<p>Po ashtu, Nasufi deklaroi se \u00ebsht\u00eb ngritur nj\u00eb grup hetimor n\u00ebn drejtimin e Prokuroris\u00eb, q\u00eb po punon p\u00ebr sigurimin e t\u00eb gjitha provave nga vendi i ngjarjes dhe zbardhjen e plot\u00eb t\u00eb dinamik\u00ebs s\u00eb vrasjeve.<\/p>\n<p><em>\u201c\u00cbsht\u00eb konstatuar se gjat\u00eb l\u00ebvizjes s\u00eb nj\u00eb mjeti, ai \u00ebsht\u00eb q\u00eblluar me bresh\u00ebri arm\u00ebsh. Mjek\u00ebt kan\u00eb konfirmuar p\u00ebr humbjen e jet\u00ebve t\u00eb dy personave, nj\u00eb burr\u00eb e nj\u00eb grua. Lajmi \u00ebsht\u00eb shum\u00eb i r\u00ebnd\u00eb. N\u00ebn drejtimin e prokurorit \u00ebsht\u00eb ngritur grupi hetimor, po kryhen t\u00eb gjitha veprimet operative n\u00eb terren. Po punojm\u00eb intensivisht, po fiksojm\u00eb \u00e7do prov\u00eb n\u00eb vendngjarje, me q\u00ebllim hetimin e plot\u00eb, zbardhjen e t\u00eb gjith\u00eb dinamik\u00ebs dhe zbulimin e autor\u00ebve dhe v\u00ebnien e tyre para p\u00ebrgjegj\u00ebsis\u00eb\u201d, tha mes t\u00eb tjerash Nasufi.<\/em><\/p>\n","protected":false},"excerpt":{"rendered":"<p>Drejtori i Drejtoris\u00eb Vendore t\u00eb Policis\u00eb s\u00eb Lezh\u00ebs, Arben Nasufi, ka folur p\u00ebr atentatin e ndodhur n\u00eb Lezh\u00eb, ku mbet\u00ebn viktima Kreshnik Mujeci dhe gruaja e tij. P\u00ebrmes nj\u00eb deklarate p\u00ebr mediat, Nasufi tha se ndaj Audit Q7 me t\u00eb cilin udh\u00ebtonin dy viktimat, \u00ebsht\u00eb q\u00eblluar me bresh\u00ebri arm\u00ebsh zjarri. Po ashtu, Nasufi deklaroi se [&hellip;]<\/p>\n","protected":false},"author":5,"featured_media":97640,"comment_status":"closed","ping_status":"closed","sticky":false,"template":"","format":"standard","meta":{"footnotes":""},"categories":[1,6332],"tags":[41192,41193],"class_list":{"0":"post-97639","1":"post","2":"type-post","3":"status-publish","4":"format-standard","5":"has-post-thumbnail","7":"category-aktualitet","8":"category-te-fundit","9":"tag-atentati-me-2-te-vrare","10":"tag-flet-drejtori-i-policise-eshte-konstatuar-se-gjate-levizjes"},"_links":{"self":[{"href":"https:\/\/jugulajm.net\/index.php?rest_route=\/wp\/v2\/posts\/97639","targetHints":{"allow":["GET"]}}],"collection":[{"href":"https:\/\/jugulajm.net\/index.php?rest_route=\/wp\/v2\/posts"}],"about":[{"href":"https:\/\/jugulajm.net\/index.php?rest_route=\/wp\/v2\/types\/post"}],"author":[{"embeddable":true,"href":"https:\/\/jugulajm.net\/index.php?rest_route=\/wp\/v2\/users\/5"}],"replies":[{"embeddable":true,"href":"https:\/\/jugulajm.net\/index.php?rest_route=%2Fwp%2Fv2%2Fcomments&post=97639"}],"version-history":[{"count":1,"href":"https:\/\/jugulajm.net\/index.php?rest_route=\/wp\/v2\/posts\/97639\/revisions"}],"predecessor-version":[{"id":97641,"href":"https:\/\/jugulajm.net\/index.php?rest_route=\/wp\/v2\/posts\/97639\/revisions\/97641"}],"wp:featuredmedia":[{"embeddable":true,"href":"https:\/\/jugulajm.net\/index.php?rest_route=\/wp\/v2\/media\/97640"}],"wp:attachment":[{"href":"https:\/\/jugulajm.net\/index.php?rest_route=%2Fwp%2Fv2%2Fmedia&parent=97639"}],"wp:term":[{"taxonomy":"category","embeddable":true,"href":"https:\/\/jugulajm.net\/index.php?rest_route=%2Fwp%2Fv2%2Fcategories&post=97639"},{"taxonomy":"post_tag","embeddable":true,"href":"https:\/\/jugulajm.net\/index.php?rest_route=%2Fwp%2Fv2%2Ftags&post=97639"}],"curies":[{"name":"wp","href":"https:\/\/api.w.org\/{rel}","templated":true}]}}