{"id":96503,"date":"2026-03-17T19:24:14","date_gmt":"2026-03-17T18:24:14","guid":{"rendered":"https:\/\/jugulajm.net\/?p=96503"},"modified":"2026-03-17T19:24:14","modified_gmt":"2026-03-17T18:24:14","slug":"itali-vrasja-e-shqiptares-autori-deshmon-para-gjykates-e-godita-disa-here-dhe","status":"publish","type":"post","link":"https:\/\/jugulajm.net\/?p=96503","title":{"rendered":"Itali, vrasja e shqiptares, autori d\u00ebshmon para gjykat\u00ebs: E godita disa her\u00eb dhe&#8230;"},"content":{"rendered":"<div class=\"firstP\">\n<p>Nj\u00eb zhvillim i ri ka ndodhur n\u00eb procesin gjyq\u00ebsor p\u00ebr vrasjen e 22-vje\u00e7ares shqiptare Ilaria Sula, ku i akuzuari Mark Antony Samson ka dh\u00ebn\u00eb d\u00ebshmi para Gjykat\u00ebs s\u00eb Krimeve t\u00eb R\u00ebnda n\u00eb Rome.<\/p>\n<\/div>\n<p>Gjat\u00eb seanc\u00ebs s\u00eb mbajtur n\u00eb ambientet e siguris\u00eb s\u00eb lart\u00eb t\u00eb \u201cRebibbia Prison\u201d, 24-vje\u00e7ari pranoi se nuk arrin t\u00eb shpjegoj\u00eb plot\u00ebsisht veprimet e tij n\u00eb momentin e krimit.<\/p>\n<p><em>\u201cNuk mund ta shpjegoj \u00e7far\u00eb m\u00eb ndodhi. Ishte sikur nj\u00eb perde m\u00eb kishte bllokuar syt\u00eb\u2026 nuk mbaj mend sa her\u00eb e godita, por padyshim m\u00eb shum\u00eb se dy her\u00eb,\u201d<\/em> deklaroi ai para trupit gjykues.<\/p>\n<p>Ngjarja ndodhi m\u00eb 23 mars 2025 n\u00eb apartamentin e Samsonit n\u00eb Rom\u00eb, ku Ilaria u godit p\u00ebr vdekje me thik\u00eb.<\/p>\n<p>I akuzuari pranoi gjithashtu se n\u00eb d\u00ebshmit\u00eb e m\u00ebparshme nuk kishte th\u00ebn\u00eb gjithmon\u00eb t\u00eb v\u00ebrtet\u00ebn, duke pohuar se kishte tentuar t\u00eb mbronte n\u00ebn\u00ebn e tij, e cila m\u00eb her\u00ebt ishte p\u00ebrfshir\u00eb n\u00eb hetim dhe \u00ebsht\u00eb d\u00ebnuar p\u00ebr fshehje kufome.<\/p>\n<p>Ai shtoi se Ilaria ishte \u201ce zem\u00ebruar dhe e zhg\u00ebnjyer\u201d pasi kishte zbuluar g\u00ebnjeshtrat e tij lidhur me studimet universitare, shkruajn\u00eb\u00a0<a href=\"https:\/\/www.tgcom24.mediaset.it\/cronaca\/femminicidio-ilaria-sula-samson-l-ho-colpita-al-volto-non-so-quante-volte-_110097273-202602k.shtml\">mediat<\/a>.<\/p>\n<p>N\u00eb seanc\u00eb ishin t\u00eb pranish\u00ebm edhe prind\u00ebrit e viktim\u00ebs, t\u00eb cil\u00ebt p\u00ebrjetuan momente t\u00eb v\u00ebshtira emocionale. N\u00ebna e Ilaris\u00eb u detyrua t\u00eb largohej p\u00ebr disa minuta nga salla p\u00ebr shkak t\u00eb gjendjes s\u00eb r\u00ebnduar.<\/p>\n<p><em>\u201cK\u00ebto jan\u00eb dit\u00eb shum\u00eb t\u00eb v\u00ebshtira. T\u00eb d\u00ebgjosh k\u00ebto gj\u00ebra dhe t\u00eb rikujtosh momentet e fundit t\u00eb jet\u00ebs s\u00eb vajz\u00ebs sime \u00ebsht\u00eb tep\u00ebr e dhimbshme,\u201d<\/em>\u00a0u shpreh ajo.<\/p>\n<p>Nd\u00ebrkoh\u00eb, babai i 22-vje\u00e7ares theksoi se familja nuk k\u00ebrkon hakmarrje, por drejt\u00ebsi:\u00a0<em>\u201cNuk po k\u00ebrkoj hakmarrje, vet\u00ebm drejt\u00ebsi. Dhe drejt\u00ebsia do t\u00eb thot\u00eb burgim i p\u00ebrjetsh\u00ebm,\u201d<\/em>\u00a0deklaroi ai.<\/p>\n","protected":false},"excerpt":{"rendered":"<p>Nj\u00eb zhvillim i ri ka ndodhur n\u00eb procesin gjyq\u00ebsor p\u00ebr vrasjen e 22-vje\u00e7ares shqiptare Ilaria Sula, ku i akuzuari Mark Antony Samson ka dh\u00ebn\u00eb d\u00ebshmi para Gjykat\u00ebs s\u00eb Krimeve t\u00eb R\u00ebnda n\u00eb Rome. Gjat\u00eb seanc\u00ebs s\u00eb mbajtur n\u00eb ambientet e siguris\u00eb s\u00eb lart\u00eb t\u00eb \u201cRebibbia Prison\u201d, 24-vje\u00e7ari pranoi se nuk arrin t\u00eb shpjegoj\u00eb plot\u00ebsisht veprimet [&hellip;]<\/p>\n","protected":false},"author":5,"featured_media":85986,"comment_status":"closed","ping_status":"closed","sticky":false,"template":"","format":"standard","meta":{"footnotes":""},"categories":[1,7664,6332],"tags":[40648,40649,26133,40647],"class_list":{"0":"post-96503","1":"post","2":"type-post","3":"status-publish","4":"format-standard","5":"has-post-thumbnail","7":"category-aktualitet","8":"category-bota","9":"category-te-fundit","10":"tag-autori-deshmon-para-gjykates-e-godita-disa-here-dhe","11":"tag-ilaria-sula","12":"tag-itali","13":"tag-vrasja-e-shqiptares"},"_links":{"self":[{"href":"https:\/\/jugulajm.net\/index.php?rest_route=\/wp\/v2\/posts\/96503","targetHints":{"allow":["GET"]}}],"collection":[{"href":"https:\/\/jugulajm.net\/index.php?rest_route=\/wp\/v2\/posts"}],"about":[{"href":"https:\/\/jugulajm.net\/index.php?rest_route=\/wp\/v2\/types\/post"}],"author":[{"embeddable":true,"href":"https:\/\/jugulajm.net\/index.php?rest_route=\/wp\/v2\/users\/5"}],"replies":[{"embeddable":true,"href":"https:\/\/jugulajm.net\/index.php?rest_route=%2Fwp%2Fv2%2Fcomments&post=96503"}],"version-history":[{"count":1,"href":"https:\/\/jugulajm.net\/index.php?rest_route=\/wp\/v2\/posts\/96503\/revisions"}],"predecessor-version":[{"id":96504,"href":"https:\/\/jugulajm.net\/index.php?rest_route=\/wp\/v2\/posts\/96503\/revisions\/96504"}],"wp:featuredmedia":[{"embeddable":true,"href":"https:\/\/jugulajm.net\/index.php?rest_route=\/wp\/v2\/media\/85986"}],"wp:attachment":[{"href":"https:\/\/jugulajm.net\/index.php?rest_route=%2Fwp%2Fv2%2Fmedia&parent=96503"}],"wp:term":[{"taxonomy":"category","embeddable":true,"href":"https:\/\/jugulajm.net\/index.php?rest_route=%2Fwp%2Fv2%2Fcategories&post=96503"},{"taxonomy":"post_tag","embeddable":true,"href":"https:\/\/jugulajm.net\/index.php?rest_route=%2Fwp%2Fv2%2Ftags&post=96503"}],"curies":[{"name":"wp","href":"https:\/\/api.w.org\/{rel}","templated":true}]}}