{"id":96496,"date":"2026-03-17T16:06:16","date_gmt":"2026-03-17T15:06:16","guid":{"rendered":"https:\/\/jugulajm.net\/?p=96496"},"modified":"2026-03-17T16:06:16","modified_gmt":"2026-03-17T15:06:16","slug":"deputeti-shehu-me-pd-ne-e-berishes-shqiperia-do-te-ribehet","status":"publish","type":"post","link":"https:\/\/jugulajm.net\/?p=96496","title":{"rendered":"Deputeti Shehu: Me PD-n\u00eb e Berish\u00ebs, Shqip\u00ebria do t\u00eb rib\u00ebhet"},"content":{"rendered":"<p>Partia Demokratike \u00ebsht\u00eb n\u00eb prag t\u00eb nj\u00eb momenti t\u00eb r\u00ebnd\u00ebsish\u00ebm, teksa po p\u00ebrgatitet p\u00ebr zgjedhjet p\u00ebr kryetar, t\u00eb cilat do t\u00eb zhvillohen m\u00eb 23 maj, nj\u00eb vit pas humbjes n\u00eb zgjedhjet parlamentare.<\/p>\n<p>Kjo ngjarje po shoq\u00ebrohet me shum\u00eb diskutime, nd\u00ebrsa deputeti i Qarkut Gjirokast\u00ebr,\u00a0 Tritan Shehu, nj\u00eb nga figurat e njohura t\u00eb PD-s\u00eb dhe ish-drejtues i saj, ka b\u00ebr\u00eb t\u00eb qart\u00eb mb\u00ebshtetjen e tij p\u00ebr rikthimin e Sali Berish\u00ebs n\u00eb krye t\u00eb partis\u00eb.<\/p>\n<p>N\u00eb nj\u00eb postim n\u00eb Facebook, Shehu shprehu bindjen se ky proces zgjedhor nuk \u00ebsht\u00eb thjesht nj\u00eb procedur\u00eb e zakonshme, por nj\u00eb mund\u00ebsi p\u00ebr t\u00eb rikonfirmuar kursin dhe drejtimin q\u00eb Berisha ka dh\u00ebn\u00eb p\u00ebr PD-n\u00eb dhe Shqip\u00ebrin\u00eb.<\/p>\n<p><strong>Ja postimi i plot\u00eb i Shehut:<\/strong><\/p>\n<p>Kryetari i PD rizgjidhet m\u00eb 23 Maj!<\/p>\n<p>Nj\u00eb rikonfirmim ky n\u00eb prag t\u00eb ndryshimeve thelb\u00ebsore q\u00eb e presin Shqip\u00ebrin\u00eb dhe shqiptar\u00ebt.<\/p>\n<p>N\u00eb prag t\u00eb rivendosjes s\u00eb demokracis\u00eb, vlerave njer\u00ebzore e shoq\u00ebrore.<\/p>\n<p>Rolit lider rajonal t\u00eb Shqip\u00ebris\u00eb.<\/p>\n<p>Fundit t\u00eb regjimit e realizimit t\u00eb aspirat\u00ebs son\u00eb europiane.<\/p>\n<p>Me PD-n\u00eb e Berish\u00ebs, Shqip\u00ebria do t\u00eb rib\u00ebhet.<\/p>\n","protected":false},"excerpt":{"rendered":"<p>Partia Demokratike \u00ebsht\u00eb n\u00eb prag t\u00eb nj\u00eb momenti t\u00eb r\u00ebnd\u00ebsish\u00ebm, teksa po p\u00ebrgatitet p\u00ebr zgjedhjet p\u00ebr kryetar, t\u00eb cilat do t\u00eb zhvillohen m\u00eb 23 maj, nj\u00eb vit pas humbjes n\u00eb zgjedhjet parlamentare. Kjo ngjarje po shoq\u00ebrohet me shum\u00eb diskutime, nd\u00ebrsa deputeti i Qarkut Gjirokast\u00ebr,\u00a0 Tritan Shehu, nj\u00eb nga figurat e njohura t\u00eb PD-s\u00eb dhe ish-drejtues [&hellip;]<\/p>\n","protected":false},"author":5,"featured_media":55094,"comment_status":"closed","ping_status":"closed","sticky":false,"template":"","format":"standard","meta":{"footnotes":""},"categories":[6326,6332],"tags":[40643,40644,20369],"class_list":{"0":"post-96496","1":"post","2":"type-post","3":"status-publish","4":"format-standard","5":"has-post-thumbnail","7":"category-politike","8":"category-te-fundit","9":"tag-deputeti-shehu-me-pd-ne-e-berishes","10":"tag-shqiperia-do-te-ribehet","11":"tag-tritan-shehu"},"_links":{"self":[{"href":"https:\/\/jugulajm.net\/index.php?rest_route=\/wp\/v2\/posts\/96496","targetHints":{"allow":["GET"]}}],"collection":[{"href":"https:\/\/jugulajm.net\/index.php?rest_route=\/wp\/v2\/posts"}],"about":[{"href":"https:\/\/jugulajm.net\/index.php?rest_route=\/wp\/v2\/types\/post"}],"author":[{"embeddable":true,"href":"https:\/\/jugulajm.net\/index.php?rest_route=\/wp\/v2\/users\/5"}],"replies":[{"embeddable":true,"href":"https:\/\/jugulajm.net\/index.php?rest_route=%2Fwp%2Fv2%2Fcomments&post=96496"}],"version-history":[{"count":1,"href":"https:\/\/jugulajm.net\/index.php?rest_route=\/wp\/v2\/posts\/96496\/revisions"}],"predecessor-version":[{"id":96497,"href":"https:\/\/jugulajm.net\/index.php?rest_route=\/wp\/v2\/posts\/96496\/revisions\/96497"}],"wp:featuredmedia":[{"embeddable":true,"href":"https:\/\/jugulajm.net\/index.php?rest_route=\/wp\/v2\/media\/55094"}],"wp:attachment":[{"href":"https:\/\/jugulajm.net\/index.php?rest_route=%2Fwp%2Fv2%2Fmedia&parent=96496"}],"wp:term":[{"taxonomy":"category","embeddable":true,"href":"https:\/\/jugulajm.net\/index.php?rest_route=%2Fwp%2Fv2%2Fcategories&post=96496"},{"taxonomy":"post_tag","embeddable":true,"href":"https:\/\/jugulajm.net\/index.php?rest_route=%2Fwp%2Fv2%2Ftags&post=96496"}],"curies":[{"name":"wp","href":"https:\/\/api.w.org\/{rel}","templated":true}]}}