{"id":96490,"date":"2026-03-17T12:31:35","date_gmt":"2026-03-17T11:31:35","guid":{"rendered":"https:\/\/jugulajm.net\/?p=96490"},"modified":"2026-03-17T12:31:35","modified_gmt":"2026-03-17T11:31:35","slug":"aksident-me-vdekje-autoboti-me-uje-perplas-nje-grua-me-biciklete","status":"publish","type":"post","link":"https:\/\/jugulajm.net\/?p=96490","title":{"rendered":"Aksident me vdekje, autoboti me uj\u00eb p\u00ebrplas nj\u00eb grua me bi\u00e7iklet\u00eb"},"content":{"rendered":"<p>Nj\u00eb aksident i r\u00ebnd\u00eb \u00ebsht\u00eb regjistruar k\u00ebt\u00eb t\u00eb mart\u00eb, ku nj\u00eb autobot me uj\u00eb ka p\u00ebrplasur nj\u00eb grua n\u00eb Tiran\u00eb.<\/p>\n<p>Aksidenti ka ndodhur pran\u00eb Gjykat\u00ebs s\u00eb Shkall\u00ebs s\u00eb Par\u00eb t\u00eb Tiran\u00ebs.<\/p>\n<p>Fatkeq\u00ebsisht nga plag\u00ebt e marr\u00eb ka nd\u00ebrruar jet\u00eb gruaja e aksidentuar.<\/p>\n<p>M\u00ebsohet se viktima po l\u00ebvizte me bi\u00e7iklet\u00eb kur \u00ebsht\u00eb p\u00ebrplasur nga autoboti.<\/p>\n<p>&nbsp;<\/p>\n","protected":false},"excerpt":{"rendered":"<p>Nj\u00eb aksident i r\u00ebnd\u00eb \u00ebsht\u00eb regjistruar k\u00ebt\u00eb t\u00eb mart\u00eb, ku nj\u00eb autobot me uj\u00eb ka p\u00ebrplasur nj\u00eb grua n\u00eb Tiran\u00eb. Aksidenti ka ndodhur pran\u00eb Gjykat\u00ebs s\u00eb Shkall\u00ebs s\u00eb Par\u00eb t\u00eb Tiran\u00ebs. Fatkeq\u00ebsisht nga plag\u00ebt e marr\u00eb ka nd\u00ebrruar jet\u00eb gruaja e aksidentuar. M\u00ebsohet se viktima po l\u00ebvizte me bi\u00e7iklet\u00eb kur \u00ebsht\u00eb p\u00ebrplasur nga autoboti. &nbsp;<\/p>\n","protected":false},"author":5,"featured_media":72950,"comment_status":"closed","ping_status":"closed","sticky":false,"template":"","format":"standard","meta":{"footnotes":""},"categories":[1,6332],"tags":[40639,40640],"class_list":{"0":"post-96490","1":"post","2":"type-post","3":"status-publish","4":"format-standard","5":"has-post-thumbnail","7":"category-aktualitet","8":"category-te-fundit","9":"tag-aksident-me-vdekje","10":"tag-autoboti-me-uje-perplas-nje-grua"},"_links":{"self":[{"href":"https:\/\/jugulajm.net\/index.php?rest_route=\/wp\/v2\/posts\/96490","targetHints":{"allow":["GET"]}}],"collection":[{"href":"https:\/\/jugulajm.net\/index.php?rest_route=\/wp\/v2\/posts"}],"about":[{"href":"https:\/\/jugulajm.net\/index.php?rest_route=\/wp\/v2\/types\/post"}],"author":[{"embeddable":true,"href":"https:\/\/jugulajm.net\/index.php?rest_route=\/wp\/v2\/users\/5"}],"replies":[{"embeddable":true,"href":"https:\/\/jugulajm.net\/index.php?rest_route=%2Fwp%2Fv2%2Fcomments&post=96490"}],"version-history":[{"count":1,"href":"https:\/\/jugulajm.net\/index.php?rest_route=\/wp\/v2\/posts\/96490\/revisions"}],"predecessor-version":[{"id":96491,"href":"https:\/\/jugulajm.net\/index.php?rest_route=\/wp\/v2\/posts\/96490\/revisions\/96491"}],"wp:featuredmedia":[{"embeddable":true,"href":"https:\/\/jugulajm.net\/index.php?rest_route=\/wp\/v2\/media\/72950"}],"wp:attachment":[{"href":"https:\/\/jugulajm.net\/index.php?rest_route=%2Fwp%2Fv2%2Fmedia&parent=96490"}],"wp:term":[{"taxonomy":"category","embeddable":true,"href":"https:\/\/jugulajm.net\/index.php?rest_route=%2Fwp%2Fv2%2Fcategories&post=96490"},{"taxonomy":"post_tag","embeddable":true,"href":"https:\/\/jugulajm.net\/index.php?rest_route=%2Fwp%2Fv2%2Ftags&post=96490"}],"curies":[{"name":"wp","href":"https:\/\/api.w.org\/{rel}","templated":true}]}}