{"id":96467,"date":"2026-03-16T10:16:55","date_gmt":"2026-03-16T09:16:55","guid":{"rendered":"https:\/\/jugulajm.net\/?p=96467"},"modified":"2026-03-16T10:16:55","modified_gmt":"2026-03-16T09:16:55","slug":"itali-zbardhen-detajet-e-vdekjes-se-20-vjecares-shqiptare-ra-nga-8-metra-lartesi","status":"publish","type":"post","link":"https:\/\/jugulajm.net\/?p=96467","title":{"rendered":"Itali, zbardhen detajet e vdekjes s\u00eb 20-vje\u00e7ares shqiptare, ra nga 8 metra lart\u00ebsi"},"content":{"rendered":"<p class=\"p1\"><span class=\"s1\">Nj\u00eb ngjarje e r\u00ebnd\u00eb ka ndodhur n\u00eb Piacenza t\u00eb Italis\u00eb, ku nj\u00eb vajz\u00eb shqiptare 20-vje\u00e7are ka humbur jet\u00ebn pasi ka r\u00ebn\u00eb nga nj\u00eb lart\u00ebsi pran\u00eb pallatit ku jetonte.<\/span><\/p>\n<p class=\"p1\"><span class=\"s1\">Viktima \u00ebsht\u00eb Anxhela Byku, e njohur nga miqt\u00eb dhe t\u00eb af\u00ebrmit si \u201cAngi\u201d. Ajo u d\u00ebrgua me urgjenc\u00eb n\u00eb spital pasi u gjet e plagosur r\u00ebnd\u00eb n\u00eb oborrin e nd\u00ebrtes\u00ebs ku banonte, n\u00eb rrug\u00ebn Via Beverora, por fatkeq\u00ebsisht nuk arriti t\u00eb mbijetonte.<\/span><\/p>\n<p class=\"p1\"><span class=\"s1\">Sipas raportimeve t\u00eb mediave lokale italiane, dyshimet e para t\u00eb autoriteteve flasin p\u00ebr nj\u00eb aksident tragjik, nd\u00ebrsa p\u00ebrjashtohet mund\u00ebsia e nj\u00eb veprimi t\u00eb q\u00ebllimsh\u00ebm apo e p\u00ebrfshirjes s\u00eb personave t\u00eb tjer\u00eb. Rasti po hetohet nga Arma dei Carabinieri.<\/span><\/p>\n<p class=\"p1\"><span class=\"s1\">E reja u gjet n\u00eb or\u00ebt e para t\u00eb m\u00ebngjesit nga nj\u00eb fqinj, i cili njoftoi menj\u00ebher\u00eb sh\u00ebrbimet e emergjenc\u00ebs. Pavar\u00ebsisht nd\u00ebrhyrjes s\u00eb shpejt\u00eb t\u00eb mjek\u00ebve, plag\u00ebt e marra rezultuan fatale.<\/span><\/p>\n<p class=\"p1\"><span class=\"s1\">Nga t\u00eb dh\u00ebnat paraprake t\u00eb hetimit dyshohet se 20-vje\u00e7arja kishte dal\u00eb jasht\u00eb apartamentit pasi kishte d\u00ebgjuar zilen e der\u00ebs, por pa marr\u00eb \u00e7el\u00ebsat me vete. Pasi mbeti jasht\u00eb dhe nuk mund t\u00eb hynte m\u00eb n\u00eb banes\u00eb, ajo dyshohet se ka tentuar t\u00eb ngjitet nga jasht\u00eb nd\u00ebrtes\u00ebs p\u00ebr t\u00eb arritur n\u00eb ballkonin e apartamentit n\u00eb katin e dyt\u00eb.<\/span><\/p>\n<p class=\"p1\"><span class=\"s1\">Gjat\u00eb p\u00ebrpjekjes p\u00ebr t\u2019u ngjitur n\u00eb fasad\u00eb, ajo besohet se ka humbur ekuilibrin dhe ka r\u00ebn\u00eb nga disa metra lart\u00ebsi, duke p\u00ebsuar d\u00ebmtime t\u00eb r\u00ebnda q\u00eb i kushtuan jet\u00ebn.<\/span><\/p>\n","protected":false},"excerpt":{"rendered":"<p>Nj\u00eb ngjarje e r\u00ebnd\u00eb ka ndodhur n\u00eb Piacenza t\u00eb Italis\u00eb, ku nj\u00eb vajz\u00eb shqiptare 20-vje\u00e7are ka humbur jet\u00ebn pasi ka r\u00ebn\u00eb nga nj\u00eb lart\u00ebsi pran\u00eb pallatit ku jetonte. Viktima \u00ebsht\u00eb Anxhela Byku, e njohur nga miqt\u00eb dhe t\u00eb af\u00ebrmit si \u201cAngi\u201d. Ajo u d\u00ebrgua me urgjenc\u00eb n\u00eb spital pasi u gjet e plagosur r\u00ebnd\u00eb n\u00eb [&hellip;]<\/p>\n","protected":false},"author":5,"featured_media":96398,"comment_status":"closed","ping_status":"closed","sticky":false,"template":"","format":"standard","meta":{"footnotes":""},"categories":[1,7664,6332],"tags":[26133,40627,40626],"class_list":{"0":"post-96467","1":"post","2":"type-post","3":"status-publish","4":"format-standard","5":"has-post-thumbnail","7":"category-aktualitet","8":"category-bota","9":"category-te-fundit","10":"tag-itali","11":"tag-ra-nga-8-metra-lartesi","12":"tag-zbardhen-detajet-e-vdekjes-se-20-vjecares-shqiptare"},"_links":{"self":[{"href":"https:\/\/jugulajm.net\/index.php?rest_route=\/wp\/v2\/posts\/96467","targetHints":{"allow":["GET"]}}],"collection":[{"href":"https:\/\/jugulajm.net\/index.php?rest_route=\/wp\/v2\/posts"}],"about":[{"href":"https:\/\/jugulajm.net\/index.php?rest_route=\/wp\/v2\/types\/post"}],"author":[{"embeddable":true,"href":"https:\/\/jugulajm.net\/index.php?rest_route=\/wp\/v2\/users\/5"}],"replies":[{"embeddable":true,"href":"https:\/\/jugulajm.net\/index.php?rest_route=%2Fwp%2Fv2%2Fcomments&post=96467"}],"version-history":[{"count":1,"href":"https:\/\/jugulajm.net\/index.php?rest_route=\/wp\/v2\/posts\/96467\/revisions"}],"predecessor-version":[{"id":96468,"href":"https:\/\/jugulajm.net\/index.php?rest_route=\/wp\/v2\/posts\/96467\/revisions\/96468"}],"wp:featuredmedia":[{"embeddable":true,"href":"https:\/\/jugulajm.net\/index.php?rest_route=\/wp\/v2\/media\/96398"}],"wp:attachment":[{"href":"https:\/\/jugulajm.net\/index.php?rest_route=%2Fwp%2Fv2%2Fmedia&parent=96467"}],"wp:term":[{"taxonomy":"category","embeddable":true,"href":"https:\/\/jugulajm.net\/index.php?rest_route=%2Fwp%2Fv2%2Fcategories&post=96467"},{"taxonomy":"post_tag","embeddable":true,"href":"https:\/\/jugulajm.net\/index.php?rest_route=%2Fwp%2Fv2%2Ftags&post=96467"}],"curies":[{"name":"wp","href":"https:\/\/api.w.org\/{rel}","templated":true}]}}