{"id":96451,"date":"2026-03-15T16:26:11","date_gmt":"2026-03-15T15:26:11","guid":{"rendered":"https:\/\/jugulajm.net\/?p=96451"},"modified":"2026-03-15T16:26:11","modified_gmt":"2026-03-15T15:26:11","slug":"sherr-mes-2-te-rinjve-plagoset-me-thike-26-vjecari-ne-kerkim-autori","status":"publish","type":"post","link":"https:\/\/jugulajm.net\/?p=96451","title":{"rendered":"Sherr mes 2 t\u00eb rinjve, plagoset me thik\u00eb 26-vje\u00e7ari, n\u00eb k\u00ebrkim autori"},"content":{"rendered":"<p>Nj\u00eb konflikt ka ndodhur pasditen e k\u00ebsaj s\u00eb diele, q\u00eb ka p\u00ebrfunduar me plagosjen e nj\u00eb t\u00eb riu me mjet prer\u00ebs n\u00eb Durr\u00ebs. I riu ndodhet n\u00ebn kujdesin e mjek\u00ebve dhe fatmir\u00ebsisht \u00ebsht\u00eb jasht\u00eb rrezikut p\u00ebr jet\u00ebn.<\/p>\n<p><strong>Njoftimi i policis\u00eb:<\/strong><\/p>\n<p>Rreth or\u00ebs 14:00, shtetasi R. K., rreth 26 vje\u00e7, \u00ebsht\u00eb paraqitur p\u00ebr ndihm\u00eb mjek\u00ebsore n\u00eb Spitalin Rajonal Durr\u00ebs, i d\u00ebmtuar me mjet prer\u00ebs n\u00eb k\u00ebmb\u00eb dhe me d\u00ebmtime fizike, si pasoj\u00eb e nj\u00eb konflikti.<\/p>\n<p>26-vje\u00e7ari ndodhet n\u00ebn kujdesin e mjek\u00ebve, jasht\u00eb rrezikut p\u00ebr jet\u00ebn.<\/p>\n<p>Nga veprimet e para hetimore, dyshohet se 26-vje\u00e7ari \u00ebsht\u00eb konfliktuar me shtetasin A. N., rreth 35 vje\u00e7, i cili, gjat\u00eb konfliktit, i ka shkaktuar d\u00ebmtime fizike dhe e ka plagosur me mjet prer\u00ebs n\u00eb k\u00ebmb\u00eb.<\/p>\n<p>Sh\u00ebrbimet e Policis\u00eb jan\u00eb v\u00ebn\u00eb n\u00eb ndjekje t\u00eb autorit dhe vijon puna p\u00ebr kapjen e tij.<\/p>\n<p>Nd\u00ebrkoh\u00eb, grupi hetimor, n\u00ebn drejtimin e Prokuroris\u00eb, po punon p\u00ebr sqarimin e rrethanave dhe dokumentimin ligjor t\u00eb rastit.<\/p>\n<p>&nbsp;<\/p>\n","protected":false},"excerpt":{"rendered":"<p>Nj\u00eb konflikt ka ndodhur pasditen e k\u00ebsaj s\u00eb diele, q\u00eb ka p\u00ebrfunduar me plagosjen e nj\u00eb t\u00eb riu me mjet prer\u00ebs n\u00eb Durr\u00ebs. I riu ndodhet n\u00ebn kujdesin e mjek\u00ebve dhe fatmir\u00ebsisht \u00ebsht\u00eb jasht\u00eb rrezikut p\u00ebr jet\u00ebn. Njoftimi i policis\u00eb: Rreth or\u00ebs 14:00, shtetasi R. K., rreth 26 vje\u00e7, \u00ebsht\u00eb paraqitur p\u00ebr ndihm\u00eb mjek\u00ebsore n\u00eb [&hellip;]<\/p>\n","protected":false},"author":5,"featured_media":51534,"comment_status":"closed","ping_status":"closed","sticky":false,"template":"","format":"standard","meta":{"footnotes":""},"categories":[1,6332,29228],"tags":[30183,40619,35753],"class_list":{"0":"post-96451","1":"post","2":"type-post","3":"status-publish","4":"format-standard","5":"has-post-thumbnail","7":"category-aktualitet","8":"category-te-fundit","9":"category-vendi","10":"tag-ne-kerkim-autori","11":"tag-plagoset-me-thike-26-vjecari","12":"tag-sherr-mes-2-te-rinjve"},"_links":{"self":[{"href":"https:\/\/jugulajm.net\/index.php?rest_route=\/wp\/v2\/posts\/96451","targetHints":{"allow":["GET"]}}],"collection":[{"href":"https:\/\/jugulajm.net\/index.php?rest_route=\/wp\/v2\/posts"}],"about":[{"href":"https:\/\/jugulajm.net\/index.php?rest_route=\/wp\/v2\/types\/post"}],"author":[{"embeddable":true,"href":"https:\/\/jugulajm.net\/index.php?rest_route=\/wp\/v2\/users\/5"}],"replies":[{"embeddable":true,"href":"https:\/\/jugulajm.net\/index.php?rest_route=%2Fwp%2Fv2%2Fcomments&post=96451"}],"version-history":[{"count":1,"href":"https:\/\/jugulajm.net\/index.php?rest_route=\/wp\/v2\/posts\/96451\/revisions"}],"predecessor-version":[{"id":96452,"href":"https:\/\/jugulajm.net\/index.php?rest_route=\/wp\/v2\/posts\/96451\/revisions\/96452"}],"wp:featuredmedia":[{"embeddable":true,"href":"https:\/\/jugulajm.net\/index.php?rest_route=\/wp\/v2\/media\/51534"}],"wp:attachment":[{"href":"https:\/\/jugulajm.net\/index.php?rest_route=%2Fwp%2Fv2%2Fmedia&parent=96451"}],"wp:term":[{"taxonomy":"category","embeddable":true,"href":"https:\/\/jugulajm.net\/index.php?rest_route=%2Fwp%2Fv2%2Fcategories&post=96451"},{"taxonomy":"post_tag","embeddable":true,"href":"https:\/\/jugulajm.net\/index.php?rest_route=%2Fwp%2Fv2%2Ftags&post=96451"}],"curies":[{"name":"wp","href":"https:\/\/api.w.org\/{rel}","templated":true}]}}