{"id":96432,"date":"2026-03-15T10:01:15","date_gmt":"2026-03-15T09:01:15","guid":{"rendered":"https:\/\/jugulajm.net\/?p=96432"},"modified":"2026-03-15T10:01:39","modified_gmt":"2026-03-15T09:01:39","slug":"rritja-e-cmimit-te-naftes-rama-po-ndodh-ne-te-gjithe-boten-por-sdo-te-rrime-duarkryq","status":"publish","type":"post","link":"https:\/\/jugulajm.net\/?p=96432","title":{"rendered":"Rritja e \u00e7mimit t\u00eb naft\u00ebs, Rama: Po ndodh n\u00eb t\u00eb gjith\u00eb bot\u00ebn, por s&#8217;do t\u00eb rrim\u00eb duarkryq"},"content":{"rendered":"<p>Rritja e \u00e7mimit t\u00eb naft\u00ebs \u00ebsht\u00eb e pashmangshme n\u00eb t\u00eb gjitha tregjet bot\u00ebrore p\u00ebr shkak t\u00eb luft\u00ebs s\u00eb SHBA-Izrael ndaj Iranit. K\u00ebshtu u shpreh kryeministri Edi Rama n\u00eb nisje t\u00eb podcastit \u201cFLASIM\u201d, duke theksuar se do t\u00eb finalizohet krijimi i faktorit shtet\u00ebror me impakt n\u00eb tregun e brendsh\u00ebm t\u00eb naft\u00ebs, me q\u00ebllim t\u00eb stabilizimit t\u00eb tregut.<\/p>\n<p><em>\u201cKjo \u00ebsht\u00eb nj\u00eb rritje e pashmangshme n\u00eb t\u00eb gjitha tregjet bot\u00ebrore dhe po ndodh si pasoj\u00eb e k\u00ebputjes s\u00eb zinxhirit t\u00eb vler\u00ebs q\u00eb qarkullon n\u00eb shk\u00ebmbimet tregtare n\u00eb nj\u00eb pik\u00eb strategjikes si\u00e7 \u00ebsht\u00eb Ngushtica e Hormuzit. Ne nuk do t\u00eb rrim\u00eb duarkryq p\u00ebrball\u00eb k\u00ebsaj situate. Jemi sot edhe p\u00ebr shkak t\u00eb kushteve t\u00eb k\u00ebsaj krize t\u00eb papritur, n\u00eb momentin kur do finalizojm\u00eb krijimin e nj\u00eb faktori shtet\u00ebror, me impakt n\u00eb tregun e brendsh\u00ebm t\u00eb naft\u00ebs q\u00eb do t\u00eb luaj\u00eb rolin e stabilizuesit t\u00eb tregut q\u00eb do ndikojn\u00eb n\u00eb rritjen e transparenc\u00ebs s\u00eb \u00e7mimit dhe do garantoj\u00eb furnizimin n\u00eb treg duke pasur n\u00eb mb\u00ebshtetje nj\u00eb kapacitet t\u00eb r\u00ebnd\u00ebsish\u00ebm si\u00e7 \u00ebsht\u00eb garancia sovrane. Besoj shum\u00eb se ky do t\u00eb jet\u00eb nj\u00eb moment kthese p\u00ebr t\u00eb p\u00ebrmbushur nj\u00eb tjet\u00ebr zotim t\u00eb marr\u00eb me nisjen e mandatit t\u00eb kat\u00ebrt q\u00eb nafta q\u00eb tregtohet n\u00eb Shqip\u00ebri t\u00eb jet\u00eb nj\u00eb produkt n\u00eb nj\u00eb nivel t\u00eb pandikuar kaq fort nga luhatjet n\u00eb tregjet nd\u00ebrkomb\u00ebtare\u201d,<\/em>\u00a0tha Rama.<\/p>\n<p>Kryeministri njoftoi gjithashtu se Ministria e Ekonomis\u00eb n\u00eb bashk\u00ebpunim me Ministrin\u00eb e Financave ka ngritur nj\u00eb Task Forc\u00eb p\u00ebr parandalimin e \u00e7do rritje abuzive t\u00eb \u00e7mimit t\u00eb karburanteve, por edhe p\u00ebr t\u00eb studiuar edhe nj\u00eb ndikim mbi fenomenin abuzim t\u00eb rritjes s\u00eb \u00e7mimit t\u00eb ushqimeve.<\/p>\n","protected":false},"excerpt":{"rendered":"<p>Rritja e \u00e7mimit t\u00eb naft\u00ebs \u00ebsht\u00eb e pashmangshme n\u00eb t\u00eb gjitha tregjet bot\u00ebrore p\u00ebr shkak t\u00eb luft\u00ebs s\u00eb SHBA-Izrael ndaj Iranit. K\u00ebshtu u shpreh kryeministri Edi Rama n\u00eb nisje t\u00eb podcastit \u201cFLASIM\u201d, duke theksuar se do t\u00eb finalizohet krijimi i faktorit shtet\u00ebror me impakt n\u00eb tregun e brendsh\u00ebm t\u00eb naft\u00ebs, me q\u00ebllim t\u00eb stabilizimit t\u00eb [&hellip;]<\/p>\n","protected":false},"author":5,"featured_media":96435,"comment_status":"closed","ping_status":"closed","sticky":false,"template":"","format":"standard","meta":{"footnotes":""},"categories":[6327,6326,6332],"tags":[40610,40609,40585],"class_list":{"0":"post-96432","1":"post","2":"type-post","3":"status-publish","4":"format-standard","5":"has-post-thumbnail","7":"category-ekonomi","8":"category-politike","9":"category-te-fundit","10":"tag-por-sdo-te-rrime-duarkryq","11":"tag-rama-po-ndodh-ne-te-gjithe-boten","12":"tag-rritja-e-cmimit-te-naftes"},"_links":{"self":[{"href":"https:\/\/jugulajm.net\/index.php?rest_route=\/wp\/v2\/posts\/96432","targetHints":{"allow":["GET"]}}],"collection":[{"href":"https:\/\/jugulajm.net\/index.php?rest_route=\/wp\/v2\/posts"}],"about":[{"href":"https:\/\/jugulajm.net\/index.php?rest_route=\/wp\/v2\/types\/post"}],"author":[{"embeddable":true,"href":"https:\/\/jugulajm.net\/index.php?rest_route=\/wp\/v2\/users\/5"}],"replies":[{"embeddable":true,"href":"https:\/\/jugulajm.net\/index.php?rest_route=%2Fwp%2Fv2%2Fcomments&post=96432"}],"version-history":[{"count":1,"href":"https:\/\/jugulajm.net\/index.php?rest_route=\/wp\/v2\/posts\/96432\/revisions"}],"predecessor-version":[{"id":96434,"href":"https:\/\/jugulajm.net\/index.php?rest_route=\/wp\/v2\/posts\/96432\/revisions\/96434"}],"wp:featuredmedia":[{"embeddable":true,"href":"https:\/\/jugulajm.net\/index.php?rest_route=\/wp\/v2\/media\/96435"}],"wp:attachment":[{"href":"https:\/\/jugulajm.net\/index.php?rest_route=%2Fwp%2Fv2%2Fmedia&parent=96432"}],"wp:term":[{"taxonomy":"category","embeddable":true,"href":"https:\/\/jugulajm.net\/index.php?rest_route=%2Fwp%2Fv2%2Fcategories&post=96432"},{"taxonomy":"post_tag","embeddable":true,"href":"https:\/\/jugulajm.net\/index.php?rest_route=%2Fwp%2Fv2%2Ftags&post=96432"}],"curies":[{"name":"wp","href":"https:\/\/api.w.org\/{rel}","templated":true}]}}