{"id":96412,"date":"2026-03-14T12:49:13","date_gmt":"2026-03-14T11:49:13","guid":{"rendered":"https:\/\/jugulajm.net\/?p=96412"},"modified":"2026-03-14T12:49:13","modified_gmt":"2026-03-14T11:49:13","slug":"foto-vajza-e-elsa-liles-nis-rrugetimin-e-saj-ne-mode","status":"publish","type":"post","link":"https:\/\/jugulajm.net\/?p=96412","title":{"rendered":"FOTO\/ Vajza e Elsa Lil\u00ebs nis rrug\u00ebtimin e saj n\u00eb mod\u00eb"},"content":{"rendered":"<p>Vajza e k\u00ebng\u00ebtares s\u00eb njohur shqiptare Elsa Lila po t\u00ebrheq gjithnj\u00eb e m\u00eb shum\u00eb v\u00ebmendje n\u00eb rrjetet sociale.<\/p>\n<p>Evita Soncini, vajza 15-vje\u00e7are e artistes, ka vendosur t\u00eb b\u00ebj\u00eb hapat e par\u00eb n\u00eb bot\u00ebn e modelingut.<\/p>\n<p>Ndryshe nga vitet e m\u00ebparshme, kur Elsa Lila e mbante larg v\u00ebmendjes publike dhe rrall\u00ebher\u00eb publikonte fotografi t\u00eb saj, tashm\u00eb duket se vet\u00eb Evita ka vendosur t\u00eb shfaqet m\u00eb shum\u00eb n\u00eb publik.<\/p>\n<p>Adoleshentja \u00ebsht\u00eb bashkuar n\u00eb Instagram dhe sipas postimeve t\u00eb saj, \u00ebsht\u00eb b\u00ebr\u00eb pjes\u00eb e nj\u00eb kompanie modelingu, duke u prezantuar si nj\u00eb nga fytyrat e reja t\u00eb saj.<\/p>\n<figure class=\"wp-block-image size-large is-resized\"><img loading=\"lazy\" loading=\"lazy\" decoding=\"async\" class=\"wp-image-162889\" src=\"https:\/\/ilirianews.al\/wp-content\/uploads\/2026\/03\/evitasoncini_1773425532_3852094155300616787_42025908460-768x1024.jpg\" sizes=\"auto, (max-width: 768px) 100vw, 768px\" srcset=\"https:\/\/ilirianews.al\/wp-content\/uploads\/2026\/03\/evitasoncini_1773425532_3852094155300616787_42025908460-768x1024.jpg 768w, https:\/\/ilirianews.al\/wp-content\/uploads\/2026\/03\/evitasoncini_1773425532_3852094155300616787_42025908460-225x300.jpg 225w, https:\/\/ilirianews.al\/wp-content\/uploads\/2026\/03\/evitasoncini_1773425532_3852094155300616787_42025908460-750x1000.jpg 750w, https:\/\/ilirianews.al\/wp-content\/uploads\/2026\/03\/evitasoncini_1773425532_3852094155300616787_42025908460.jpg 952w\" alt=\"\" width=\"768\" height=\"1024\" data-pin-no-hover=\"true\" \/><\/figure>\n<p>Evita Soncini po t\u00ebrheq v\u00ebmendje edhe p\u00ebr pamjen dhe stilin e saj, nd\u00ebrsa shum\u00eb ndjek\u00ebs kan\u00eb v\u00ebn\u00eb re ngjashm\u00ebrin\u00eb q\u00eb ajo ka me n\u00ebn\u00ebn e saj, Elsa Lila.<\/p>\n<p>Edhe pse p\u00ebr shum\u00eb vite k\u00ebng\u00ebtarja \u00ebsht\u00eb p\u00ebrpjekur ta mbaj\u00eb vajz\u00ebn larg v\u00ebmendjes mediatike, duket se tashm\u00eb Evita po nis t\u00eb nd\u00ebrtoj\u00eb identitetin e saj publik dhe hapat e par\u00eb n\u00eb industrin\u00eb e mod\u00ebs.<\/p>\n<figure class=\"wp-block-image size-large is-resized\"><img loading=\"lazy\" loading=\"lazy\" decoding=\"async\" class=\"wp-image-162890\" src=\"https:\/\/ilirianews.al\/wp-content\/uploads\/2026\/03\/evitasoncini_1773084904_3849237029758816096_42025908460-768x1024.jpg\" sizes=\"auto, (max-width: 768px) 100vw, 768px\" srcset=\"https:\/\/ilirianews.al\/wp-content\/uploads\/2026\/03\/evitasoncini_1773084904_3849237029758816096_42025908460-768x1024.jpg 768w, https:\/\/ilirianews.al\/wp-content\/uploads\/2026\/03\/evitasoncini_1773084904_3849237029758816096_42025908460-225x300.jpg 225w, https:\/\/ilirianews.al\/wp-content\/uploads\/2026\/03\/evitasoncini_1773084904_3849237029758816096_42025908460-1152x1536.jpg 1152w, https:\/\/ilirianews.al\/wp-content\/uploads\/2026\/03\/evitasoncini_1773084904_3849237029758816096_42025908460-750x1000.jpg 750w, https:\/\/ilirianews.al\/wp-content\/uploads\/2026\/03\/evitasoncini_1773084904_3849237029758816096_42025908460-1140x1520.jpg 1140w, https:\/\/ilirianews.al\/wp-content\/uploads\/2026\/03\/evitasoncini_1773084904_3849237029758816096_42025908460.jpg 1440w\" alt=\"\" width=\"768\" height=\"1024\" data-pin-no-hover=\"true\" \/><\/figure>\n<figure class=\"wp-block-image size-large is-resized\"><img loading=\"lazy\" loading=\"lazy\" decoding=\"async\" class=\"wp-image-162891\" src=\"https:\/\/ilirianews.al\/wp-content\/uploads\/2026\/03\/evitasoncini_1773425532_3852094153648106149_42025908460-768x1024.jpg\" sizes=\"auto, (max-width: 768px) 100vw, 768px\" srcset=\"https:\/\/ilirianews.al\/wp-content\/uploads\/2026\/03\/evitasoncini_1773425532_3852094153648106149_42025908460-768x1024.jpg 768w, https:\/\/ilirianews.al\/wp-content\/uploads\/2026\/03\/evitasoncini_1773425532_3852094153648106149_42025908460-225x300.jpg 225w, https:\/\/ilirianews.al\/wp-content\/uploads\/2026\/03\/evitasoncini_1773425532_3852094153648106149_42025908460-750x1000.jpg 750w, https:\/\/ilirianews.al\/wp-content\/uploads\/2026\/03\/evitasoncini_1773425532_3852094153648106149_42025908460.jpg 912w\" alt=\"\" width=\"768\" height=\"1024\" data-pin-no-hover=\"true\" \/><\/figure>\n<figure class=\"wp-block-image size-large is-resized\"><img loading=\"lazy\" loading=\"lazy\" decoding=\"async\" class=\"wp-image-162892\" src=\"https:\/\/ilirianews.al\/wp-content\/uploads\/2026\/03\/evitasoncini_1773230683_3850459983351929637_42025908460-790x1024.jpg\" sizes=\"auto, (max-width: 790px) 100vw, 790px\" srcset=\"https:\/\/ilirianews.al\/wp-content\/uploads\/2026\/03\/evitasoncini_1773230683_3850459983351929637_42025908460-790x1024.jpg 790w, https:\/\/ilirianews.al\/wp-content\/uploads\/2026\/03\/evitasoncini_1773230683_3850459983351929637_42025908460-232x300.jpg 232w, https:\/\/ilirianews.al\/wp-content\/uploads\/2026\/03\/evitasoncini_1773230683_3850459983351929637_42025908460-768x995.jpg 768w, https:\/\/ilirianews.al\/wp-content\/uploads\/2026\/03\/evitasoncini_1773230683_3850459983351929637_42025908460-1185x1536.jpg 1185w, https:\/\/ilirianews.al\/wp-content\/uploads\/2026\/03\/evitasoncini_1773230683_3850459983351929637_42025908460-750x972.jpg 750w, https:\/\/ilirianews.al\/wp-content\/uploads\/2026\/03\/evitasoncini_1773230683_3850459983351929637_42025908460-1140x1477.jpg 1140w, https:\/\/ilirianews.al\/wp-content\/uploads\/2026\/03\/evitasoncini_1773230683_3850459983351929637_42025908460.jpg 1440w\" alt=\"\" width=\"790\" height=\"1024\" data-pin-no-hover=\"true\" \/><\/figure>\n","protected":false},"excerpt":{"rendered":"<p>Vajza e k\u00ebng\u00ebtares s\u00eb njohur shqiptare Elsa Lila po t\u00ebrheq gjithnj\u00eb e m\u00eb shum\u00eb v\u00ebmendje n\u00eb rrjetet sociale. Evita Soncini, vajza 15-vje\u00e7are e artistes, ka vendosur t\u00eb b\u00ebj\u00eb hapat e par\u00eb n\u00eb bot\u00ebn e modelingut. Ndryshe nga vitet e m\u00ebparshme, kur Elsa Lila e mbante larg v\u00ebmendjes publike dhe rrall\u00ebher\u00eb publikonte fotografi t\u00eb saj, tashm\u00eb [&hellip;]<\/p>\n","protected":false},"author":5,"featured_media":96413,"comment_status":"closed","ping_status":"closed","sticky":false,"template":"","format":"standard","meta":{"footnotes":""},"categories":[7665,7664,6332],"tags":[40598],"class_list":{"0":"post-96412","1":"post","2":"type-post","3":"status-publish","4":"format-standard","5":"has-post-thumbnail","7":"category-art","8":"category-bota","9":"category-te-fundit","10":"tag-foto-vajza-e-elsa-liles-nis-rrugetimin-e-saj-ne-mode"},"_links":{"self":[{"href":"https:\/\/jugulajm.net\/index.php?rest_route=\/wp\/v2\/posts\/96412","targetHints":{"allow":["GET"]}}],"collection":[{"href":"https:\/\/jugulajm.net\/index.php?rest_route=\/wp\/v2\/posts"}],"about":[{"href":"https:\/\/jugulajm.net\/index.php?rest_route=\/wp\/v2\/types\/post"}],"author":[{"embeddable":true,"href":"https:\/\/jugulajm.net\/index.php?rest_route=\/wp\/v2\/users\/5"}],"replies":[{"embeddable":true,"href":"https:\/\/jugulajm.net\/index.php?rest_route=%2Fwp%2Fv2%2Fcomments&post=96412"}],"version-history":[{"count":1,"href":"https:\/\/jugulajm.net\/index.php?rest_route=\/wp\/v2\/posts\/96412\/revisions"}],"predecessor-version":[{"id":96414,"href":"https:\/\/jugulajm.net\/index.php?rest_route=\/wp\/v2\/posts\/96412\/revisions\/96414"}],"wp:featuredmedia":[{"embeddable":true,"href":"https:\/\/jugulajm.net\/index.php?rest_route=\/wp\/v2\/media\/96413"}],"wp:attachment":[{"href":"https:\/\/jugulajm.net\/index.php?rest_route=%2Fwp%2Fv2%2Fmedia&parent=96412"}],"wp:term":[{"taxonomy":"category","embeddable":true,"href":"https:\/\/jugulajm.net\/index.php?rest_route=%2Fwp%2Fv2%2Fcategories&post=96412"},{"taxonomy":"post_tag","embeddable":true,"href":"https:\/\/jugulajm.net\/index.php?rest_route=%2Fwp%2Fv2%2Ftags&post=96412"}],"curies":[{"name":"wp","href":"https:\/\/api.w.org\/{rel}","templated":true}]}}