{"id":96405,"date":"2026-03-14T10:19:34","date_gmt":"2026-03-14T09:19:34","guid":{"rendered":"https:\/\/jugulajm.net\/?p=96405"},"modified":"2026-03-14T10:20:37","modified_gmt":"2026-03-14T09:20:37","slug":"sherr-ne-sarande-ndalohen-4-te-rinj-ne-kerkim-2-te-tjere","status":"publish","type":"post","link":"https:\/\/jugulajm.net\/?p=96405","title":{"rendered":"Sherr n\u00eb Sarand\u00eb, Policia ndalohen 4 t\u00eb rinj, shpallen n\u00eb k\u00ebrkim 2 t\u00eb tjer\u00eb&#8230;"},"content":{"rendered":"<p>Kat\u00ebr persona jan\u00eb ndaluar nga Policia e Sarand\u00ebs dhe 2 t\u00eb tjer\u00eb jan\u00eb shpallur n\u00eb k\u00ebrkim pas nj\u00eb sherri mbr\u00ebmjen e 12 marsit, ku \u00ebsht\u00eb q\u00eblluar me arm\u00eb zjarri n\u00eb aj\u00ebr.<\/p>\n<p><strong>Njoftimi i policis\u00eb<\/strong><\/p>\n<p>Reagimi i shpejt\u00eb i Policis\u00eb zbardh ngjarjen me t\u00eb sht\u00ebna me arm\u00eb zjarri n\u00eb aj\u00ebr pas nj\u00eb konflikti mes t\u00eb rinjsh; identifikohen dhe ndalohen kat\u00ebr persona, shpallen n\u00eb k\u00ebrkim dy t\u00eb tjer\u00eb.<\/p>\n<div class=\"jeg_viewport\">\n<div class=\"post-wrapper\">\n<div class=\"post-wrap\">\n<div class=\"jeg_main jeg_double_sidebar\">\n<div class=\"jeg_container\">\n<div class=\"jeg_content jeg_singlepage\">\n<div class=\"container\">\n<div class=\"row\">\n<div class=\"jeg_main_content col-md-6\">\n<div class=\"jeg_inner_content\">\n<div class=\"entry-content no-share\">\n<div class=\"content-inner \">\n<p>Nd\u00ebrhyrja e menj\u00ebhershme dhe veprimet intensive hetimore t\u00eb specialist\u00ebve t\u00eb Seksionit p\u00ebr Hetimin e Krimeve n\u00eb Komisariatin e Policis\u00eb Sarand\u00eb b\u00ebn\u00eb t\u00eb mundur zbardhjen e shpejt\u00eb t\u00eb nj\u00eb ngjarjeje me t\u00eb sht\u00ebna me arm\u00eb zjarri, t\u00eb ndodhur n\u00eb lagjen nr. 1 t\u00eb qytetit.<\/p>\n<p>Nga veprimet hetimore dyshohet se m\u00eb dat\u00eb 12.03.2026, rreth or\u00ebs 22:30, n\u00eb rrug\u00ebn \u201cPanorama\u201d, shtetasi J. L. dhe nj\u00eb shtetas i mitur, p\u00ebr motive t\u00eb dob\u00ebta dhe pas konflikteve t\u00eb m\u00ebparshme me disa t\u00eb rinj, kan\u00eb q\u00eblluar me arm\u00eb zjarri n\u00eb aj\u00ebr me q\u00ebllim kanosjen e tyre.<\/p>\n<p>Si rezultat i veprimeve t\u00eb shpejta policore, m\u00eb dat\u00eb 13.03.2026, rreth or\u00ebve t\u00eb mbr\u00ebmjes, u b\u00eb e mundur kapja dhe ndalimi i shtetasve A. Z., G. A., A. B. dhe D. Z., t\u00eb mosh\u00ebs 18 vje\u00e7, banues n\u00eb Sarand\u00eb, t\u00eb cil\u00ebt dyshohet se kan\u00eb qen\u00eb n\u00eb dijeni t\u00eb ngjarjes dhe nuk kan\u00eb kall\u00ebzuar krimin.<\/p>\n<p>Gjat\u00eb k\u00ebqyrjes s\u00eb vendit t\u00eb ngjarjes, sh\u00ebrbimet e Policis\u00eb sekuestruan n\u00eb cil\u00ebsin\u00eb e prov\u00ebs materiale 5 g\u00ebzhoja, disa aparate celular\u00eb, si dhe nj\u00eb automjet.<\/p>\n<p>Nd\u00ebrkoh\u00eb, jan\u00eb shpallur n\u00eb k\u00ebrkim shtetasi J. L., 19 vje\u00e7, dhe nj\u00eb shtetas i mitur, nd\u00ebrsa vijon puna p\u00ebr kapjen e tyre dhe p\u00ebr zbardhjen e plot\u00eb t\u00eb rrethanave t\u00eb k\u00ebsaj ngjarjeje.<\/p>\n<p>Materialet procedurale iu referuan Prokuroris\u00eb Sarand\u00eb p\u00ebr veprat penale \u201cKanosja\u201d, \u201cProdhimi dhe mbajtja pa leje e arm\u00ebve luftarake dhe municionit\u201d, \u201cPrishja e qet\u00ebsis\u00eb publike\u201d dhe \u201cMoskall\u00ebzimi i krimit\u201d.<\/p>\n<\/div>\n<\/div>\n<\/div>\n<\/div>\n<\/div>\n<\/div>\n<\/div>\n<\/div>\n<\/div>\n<\/div>\n<\/div>\n<\/div>\n","protected":false},"excerpt":{"rendered":"<p>Kat\u00ebr persona jan\u00eb ndaluar nga Policia e Sarand\u00ebs dhe 2 t\u00eb tjer\u00eb jan\u00eb shpallur n\u00eb k\u00ebrkim pas nj\u00eb sherri mbr\u00ebmjen e 12 marsit, ku \u00ebsht\u00eb q\u00eblluar me arm\u00eb zjarri n\u00eb aj\u00ebr. Njoftimi i policis\u00eb Reagimi i shpejt\u00eb i Policis\u00eb zbardh ngjarjen me t\u00eb sht\u00ebna me arm\u00eb zjarri n\u00eb aj\u00ebr pas nj\u00eb konflikti mes t\u00eb rinjsh; [&hellip;]<\/p>\n","protected":false},"author":5,"featured_media":51993,"comment_status":"closed","ping_status":"closed","sticky":false,"template":"","format":"standard","meta":{"footnotes":""},"categories":[1,6332,29228],"tags":[40595,24127,40594],"class_list":{"0":"post-96405","1":"post","2":"type-post","3":"status-publish","4":"format-standard","5":"has-post-thumbnail","7":"category-aktualitet","8":"category-te-fundit","9":"category-vendi","10":"tag-ndalohen-4-te-rinj","11":"tag-ne-kerkim-2-te-tjere","12":"tag-sherr-ne-sarande"},"_links":{"self":[{"href":"https:\/\/jugulajm.net\/index.php?rest_route=\/wp\/v2\/posts\/96405","targetHints":{"allow":["GET"]}}],"collection":[{"href":"https:\/\/jugulajm.net\/index.php?rest_route=\/wp\/v2\/posts"}],"about":[{"href":"https:\/\/jugulajm.net\/index.php?rest_route=\/wp\/v2\/types\/post"}],"author":[{"embeddable":true,"href":"https:\/\/jugulajm.net\/index.php?rest_route=\/wp\/v2\/users\/5"}],"replies":[{"embeddable":true,"href":"https:\/\/jugulajm.net\/index.php?rest_route=%2Fwp%2Fv2%2Fcomments&post=96405"}],"version-history":[{"count":2,"href":"https:\/\/jugulajm.net\/index.php?rest_route=\/wp\/v2\/posts\/96405\/revisions"}],"predecessor-version":[{"id":96407,"href":"https:\/\/jugulajm.net\/index.php?rest_route=\/wp\/v2\/posts\/96405\/revisions\/96407"}],"wp:featuredmedia":[{"embeddable":true,"href":"https:\/\/jugulajm.net\/index.php?rest_route=\/wp\/v2\/media\/51993"}],"wp:attachment":[{"href":"https:\/\/jugulajm.net\/index.php?rest_route=%2Fwp%2Fv2%2Fmedia&parent=96405"}],"wp:term":[{"taxonomy":"category","embeddable":true,"href":"https:\/\/jugulajm.net\/index.php?rest_route=%2Fwp%2Fv2%2Fcategories&post=96405"},{"taxonomy":"post_tag","embeddable":true,"href":"https:\/\/jugulajm.net\/index.php?rest_route=%2Fwp%2Fv2%2Ftags&post=96405"}],"curies":[{"name":"wp","href":"https:\/\/api.w.org\/{rel}","templated":true}]}}