{"id":96397,"date":"2026-03-13T19:39:18","date_gmt":"2026-03-13T18:39:18","guid":{"rendered":"https:\/\/jugulajm.net\/?p=96397"},"modified":"2026-03-13T19:39:18","modified_gmt":"2026-03-13T18:39:18","slug":"emri-foto-itali-ra-nga-ballkoni-nderron-jete-20-vjecarja-shqiptare-nisin-hetimet","status":"publish","type":"post","link":"https:\/\/jugulajm.net\/?p=96397","title":{"rendered":"EMRI-FOTO\/ Itali, ra nga ballkoni, nd\u00ebrron jet\u00eb 20-vje\u00e7arja shqiptare, nisin hetimet&#8230;"},"content":{"rendered":"<p>Nj\u00eb vajz\u00eb 20-vje\u00e7are me origjin\u00eb shqiptare ka humbur jet\u00ebn disa dit\u00eb pas gjendjes kritike n\u00eb spital, p\u00ebr shkak se ra nga ballkoni i banes\u00ebs s\u00eb saj.<\/p>\n<p>Viktima, e identifikuar si Anxhela Byku, u rr\u00ebzua t\u00eb mart\u00ebn nga ballkoni i banes\u00ebs s\u00eb saj n\u00eb Piacenza, ku ajo jetonte me bashk\u00ebshortin e saj.<\/p>\n<p>Ajo u transportua menj\u00ebher\u00eb n\u00eb gjendje shum\u00eb t\u00eb r\u00ebnd\u00eb n\u00eb spitalin e Piacenz\u00ebs, ku u shtrua n\u00eb repartin e terapis\u00eb intensive.<\/p>\n<p>Megjithat\u00eb, p\u00ebr shkak t\u00eb plag\u00ebve shum\u00eb t\u00eb r\u00ebnda t\u00eb marra nga r\u00ebnia nga lart\u00ebsia, 20-vje\u00e7arja nd\u00ebrroi jet\u00eb n\u00eb mbr\u00ebmjen e s\u00eb enjtes, m\u00eb 12 mars.<\/p>\n<p>Autoritetet italiane kan\u00eb nisur hetime p\u00ebr t\u00eb sqaruar rrethanat e ngjarjes. Karabinier\u00ebt e nj\u00ebsis\u00eb hetimore po p\u00ebrpiqen t\u00eb rind\u00ebrtojn\u00eb \u00e7do detaj t\u00eb asaj q\u00eb ka ndodhur.<\/p>\n<p>Deri n\u00eb k\u00ebt\u00eb faz\u00eb t\u00eb hetimeve, nuk dyshohet p\u00ebr p\u00ebrfshirjen e ndonj\u00eb personi tjet\u00ebr n\u00eb k\u00ebt\u00eb ngjarje, por nuk sqarohet n\u00ebse konsiderohet t\u00eb jet\u00eb aksidentale apo tentativ\u00eb vet\u00ebvrasjeje.<\/p>\n<p>Nd\u00ebrkoh\u00eb, miq dhe t\u00eb af\u00ebrm kan\u00eb shprehur dhimbjen e tyre p\u00ebr humbjen e t\u00eb res\u00eb.<\/p>\n<p>N\u00eb dit\u00ebt kur ajo luftonte p\u00ebr jet\u00ebn n\u00eb spital, shum\u00eb persona q\u00ebndruan pran\u00eb familjes s\u00eb saj.<\/p>\n<p>Sipas\u00a0<a href=\"https:\/\/www.ilpiacenza.it\/cronaca\/non-ce-l-ha-fatta-la-20enne-precipitata-in-via-beverora.html\">IlPiacenza<\/a>, edhe nj\u00eb dit\u00eb para se t\u00eb konfirmohej vdekja, rreth 40 persona ishin mbledhur jasht\u00eb repartit t\u00eb reanimacionit t\u00eb spitalit, n\u00eb pritje t\u00eb lajmeve p\u00ebr gjendjen e saj.<\/p>\n","protected":false},"excerpt":{"rendered":"<p>Nj\u00eb vajz\u00eb 20-vje\u00e7are me origjin\u00eb shqiptare ka humbur jet\u00ebn disa dit\u00eb pas gjendjes kritike n\u00eb spital, p\u00ebr shkak se ra nga ballkoni i banes\u00ebs s\u00eb saj. Viktima, e identifikuar si Anxhela Byku, u rr\u00ebzua t\u00eb mart\u00ebn nga ballkoni i banes\u00ebs s\u00eb saj n\u00eb Piacenza, ku ajo jetonte me bashk\u00ebshortin e saj. Ajo u transportua menj\u00ebher\u00eb [&hellip;]<\/p>\n","protected":false},"author":5,"featured_media":96398,"comment_status":"closed","ping_status":"closed","sticky":false,"template":"","format":"standard","meta":{"footnotes":""},"categories":[1,7664,6332],"tags":[23305,40591,24498,40590],"class_list":{"0":"post-96397","1":"post","2":"type-post","3":"status-publish","4":"format-standard","5":"has-post-thumbnail","7":"category-aktualitet","8":"category-bota","9":"category-te-fundit","10":"tag-emri-foto-itali","11":"tag-nderron-jete-20-vjecarja-shqiptare","12":"tag-nisin-hetimet","13":"tag-ra-nga-ballkoni"},"_links":{"self":[{"href":"https:\/\/jugulajm.net\/index.php?rest_route=\/wp\/v2\/posts\/96397","targetHints":{"allow":["GET"]}}],"collection":[{"href":"https:\/\/jugulajm.net\/index.php?rest_route=\/wp\/v2\/posts"}],"about":[{"href":"https:\/\/jugulajm.net\/index.php?rest_route=\/wp\/v2\/types\/post"}],"author":[{"embeddable":true,"href":"https:\/\/jugulajm.net\/index.php?rest_route=\/wp\/v2\/users\/5"}],"replies":[{"embeddable":true,"href":"https:\/\/jugulajm.net\/index.php?rest_route=%2Fwp%2Fv2%2Fcomments&post=96397"}],"version-history":[{"count":1,"href":"https:\/\/jugulajm.net\/index.php?rest_route=\/wp\/v2\/posts\/96397\/revisions"}],"predecessor-version":[{"id":96399,"href":"https:\/\/jugulajm.net\/index.php?rest_route=\/wp\/v2\/posts\/96397\/revisions\/96399"}],"wp:featuredmedia":[{"embeddable":true,"href":"https:\/\/jugulajm.net\/index.php?rest_route=\/wp\/v2\/media\/96398"}],"wp:attachment":[{"href":"https:\/\/jugulajm.net\/index.php?rest_route=%2Fwp%2Fv2%2Fmedia&parent=96397"}],"wp:term":[{"taxonomy":"category","embeddable":true,"href":"https:\/\/jugulajm.net\/index.php?rest_route=%2Fwp%2Fv2%2Fcategories&post=96397"},{"taxonomy":"post_tag","embeddable":true,"href":"https:\/\/jugulajm.net\/index.php?rest_route=%2Fwp%2Fv2%2Ftags&post=96397"}],"curies":[{"name":"wp","href":"https:\/\/api.w.org\/{rel}","templated":true}]}}