{"id":96390,"date":"2026-03-13T18:12:25","date_gmt":"2026-03-13T17:12:25","guid":{"rendered":"https:\/\/jugulajm.net\/?p=96390"},"modified":"2026-03-13T18:14:17","modified_gmt":"2026-03-13T17:14:17","slug":"foto-aksident-audi-perplaset-me-kamioncinen-plagosen-3-persona","status":"publish","type":"post","link":"https:\/\/jugulajm.net\/?p=96390","title":{"rendered":"FOTO\/ Aksident, &#8220;Audi&#8221; p\u00ebrplaset me kamion\u00e7in\u00ebn, plagosen 3 persona"},"content":{"rendered":"<p>Nj\u00eb aksident i r\u00ebnd\u00eb ka ndodhur pasditen e k\u00ebsaj s\u00eb premteje n\u00eb rrug\u00ebn dyt\u00ebsore drejt fshatit Balt\u00ebz n\u00eb Fier.<\/p>\n<p>Burimet b\u00ebjn\u00eb me dije se automjeti tip \u201cAudi\u201d \u00ebsht\u00eb p\u00ebrplasur \u201ckok\u00eb m\u00eb kok\u00eb\u201d automjetin tip \u201cNissan\u201d kamion\u00e7in\u00eb.<\/p>\n<p>P\u00ebr rrjedhoj\u00eb t\u00eb p\u00ebrplasjes s\u00eb r\u00ebnd\u00eb mes dy automjet\u00ebve m\u00ebsohet, se kan\u00eb mbetur t\u00eb plagosur drejtuesi i kamion\u00e7in\u00ebs dhe dy pasagjer\u00ebt q\u00eb udh\u00ebtonin me t\u00eb.<\/p>\n<p>T\u00eb l\u00ebnduarit jan\u00eb transportuar me urgjenc\u00eb drejt Spitalit Rajonal Fier p\u00ebr t\u00eb marr\u00eb ndihm\u00ebn e nevojshme mjek\u00ebsore. Nd\u00ebrsa fatmir\u00ebsisht m\u00ebsohet se ndodhen jasht\u00eb rrezikut p\u00ebr jet\u00ebn.<\/p>\n<p>N\u00eb vendngjarje kan\u00eb mb\u00ebrritur policia dhe grupi hetimor t\u00eb cil\u00ebt po vijojn\u00eb me pun\u00ebn p\u00ebr zbardhjen e plot\u00eb t\u00eb ngjarjes.<\/p>\n","protected":false},"excerpt":{"rendered":"<p>Nj\u00eb aksident i r\u00ebnd\u00eb ka ndodhur pasditen e k\u00ebsaj s\u00eb premteje n\u00eb rrug\u00ebn dyt\u00ebsore drejt fshatit Balt\u00ebz n\u00eb Fier. Burimet b\u00ebjn\u00eb me dije se automjeti tip \u201cAudi\u201d \u00ebsht\u00eb p\u00ebrplasur \u201ckok\u00eb m\u00eb kok\u00eb\u201d automjetin tip \u201cNissan\u201d kamion\u00e7in\u00eb. P\u00ebr rrjedhoj\u00eb t\u00eb p\u00ebrplasjes s\u00eb r\u00ebnd\u00eb mes dy automjet\u00ebve m\u00ebsohet, se kan\u00eb mbetur t\u00eb plagosur drejtuesi i kamion\u00e7in\u00ebs dhe [&hellip;]<\/p>\n","protected":false},"author":5,"featured_media":96391,"comment_status":"closed","ping_status":"closed","sticky":false,"template":"","format":"standard","meta":{"footnotes":""},"categories":[1,6332],"tags":[40587,23153,26286],"class_list":{"0":"post-96390","1":"post","2":"type-post","3":"status-publish","4":"format-standard","5":"has-post-thumbnail","7":"category-aktualitet","8":"category-te-fundit","9":"tag-audi-perplaset-me-kamioncinen","10":"tag-foto-aksident","11":"tag-plagosen-3-persona"},"_links":{"self":[{"href":"https:\/\/jugulajm.net\/index.php?rest_route=\/wp\/v2\/posts\/96390","targetHints":{"allow":["GET"]}}],"collection":[{"href":"https:\/\/jugulajm.net\/index.php?rest_route=\/wp\/v2\/posts"}],"about":[{"href":"https:\/\/jugulajm.net\/index.php?rest_route=\/wp\/v2\/types\/post"}],"author":[{"embeddable":true,"href":"https:\/\/jugulajm.net\/index.php?rest_route=\/wp\/v2\/users\/5"}],"replies":[{"embeddable":true,"href":"https:\/\/jugulajm.net\/index.php?rest_route=%2Fwp%2Fv2%2Fcomments&post=96390"}],"version-history":[{"count":2,"href":"https:\/\/jugulajm.net\/index.php?rest_route=\/wp\/v2\/posts\/96390\/revisions"}],"predecessor-version":[{"id":96393,"href":"https:\/\/jugulajm.net\/index.php?rest_route=\/wp\/v2\/posts\/96390\/revisions\/96393"}],"wp:featuredmedia":[{"embeddable":true,"href":"https:\/\/jugulajm.net\/index.php?rest_route=\/wp\/v2\/media\/96391"}],"wp:attachment":[{"href":"https:\/\/jugulajm.net\/index.php?rest_route=%2Fwp%2Fv2%2Fmedia&parent=96390"}],"wp:term":[{"taxonomy":"category","embeddable":true,"href":"https:\/\/jugulajm.net\/index.php?rest_route=%2Fwp%2Fv2%2Fcategories&post=96390"},{"taxonomy":"post_tag","embeddable":true,"href":"https:\/\/jugulajm.net\/index.php?rest_route=%2Fwp%2Fv2%2Ftags&post=96390"}],"curies":[{"name":"wp","href":"https:\/\/api.w.org\/{rel}","templated":true}]}}