{"id":96385,"date":"2026-03-13T15:12:27","date_gmt":"2026-03-13T14:12:27","guid":{"rendered":"https:\/\/jugulajm.net\/?p=96385"},"modified":"2026-03-13T16:29:08","modified_gmt":"2026-03-13T15:29:08","slug":"rritja-e-cmimit-te-naftes-rama-do-nderhyjme-te-lehtesojme-barren-e-qytetareve","status":"publish","type":"post","link":"https:\/\/jugulajm.net\/?p=96385","title":{"rendered":"Rritja e \u00e7mimit t\u00eb naft\u00ebs, Rama: Do nd\u00ebrhyjm\u00eb t\u00eb leht\u00ebsojm\u00eb barr\u00ebn e qytetar\u00ebve"},"content":{"rendered":"<p>Kryeministri Edi Rama ka reaguar p\u00ebr her\u00eb p\u00ebr rritjen e \u00e7mimit t\u00eb naft\u00ebs n\u00eb Shqip\u00ebri, si pasoj\u00eb e konfliktit n\u00eb Lindjen e Mesme.<\/p>\n<p data-start=\"212\" data-end=\"815\">N\u00eb nj\u00eb konferenc\u00eb p\u00ebr shtyp, Rama tha se do t\u00eb krijohet faktori i ri i shtetit n\u00eb tregun e naft\u00ebs p\u00ebr t\u00eb leht\u00ebsuar barr\u00ebn e qytetar\u00ebve. Kreu i qeveris\u00eb foli edhe p\u00ebr ligjin e rezervave.<\/p>\n<p data-start=\"212\" data-end=\"815\">\u201c<em>Nj\u00eb nga objektivat tona \u00ebsht\u00eb krijimi i nj\u00eb faktori t\u00eb ri n\u00eb tregun e naft\u00ebs. Faktori shtet\u00ebror, forc\u00eb publike, p\u00ebr t\u00eb krijuar nj\u00eb kapacitet q\u00eb t\u00eb leht\u00ebsoj\u00eb barr\u00ebn mbi qytetar\u00ebt, sikund\u00ebr e leht\u00ebsoi konkurrenca q\u00eb ne nxit\u00ebm duke ndryshuar qasjen p\u00ebr fluturimet ajrore. Shqip\u00ebria kishte aeroportin m\u00eb t\u00eb shtrenjt\u00eb; sot ka m\u00eb t\u00eb suksesshmin t\u00eb Ballkanit, me nj\u00eb diferenc\u00eb mbres\u00ebl\u00ebn\u00ebse nga Beogradi. Sot nuk \u00ebsht\u00eb m\u00eb Beogradi kryeqyteti i aviacionit, por \u00ebsht\u00eb Tirana. Kjo \u00ebsht\u00eb arritje e k\u00ebsaj qeverie, me keqardhje p\u00ebr ata q\u00eb na duan t\u00eb vdekur. Sa m\u00eb shum\u00eb na duan t\u00eb vdekur, ne gjall\u00ebrohemi.<\/em><\/p>\n<p data-start=\"817\" data-end=\"1406\"><em>Ne do ta krijojm\u00eb faktorin publik, dhe forc\u00ebn e shtetit do ta fusim edhe n\u00eb tregun e naft\u00ebs. Shum\u00eb shpejt do japim shembullin sesi gj\u00ebrat do t\u00eb ndryshojn\u00eb edhe n\u00eb tregun e naft\u00ebs. Do t\u00eb b\u00ebhet m\u00eb e leht\u00eb p\u00ebr t\u00eb pasur marr\u00ebveshje me kompanit\u00eb q\u00eb e shp\u00ebrndajn\u00eb naft\u00ebn. Sot kemi n\u00eb proces ligjin e rezervave; kur e diskutuam para vitit 2020, u hodh\u00ebn shum\u00eb tenxhere p\u00ebrpjekjeje. N\u00eb ligjin q\u00eb \u00ebsht\u00eb n\u00eb konsultim publik, e kemi p\u00ebrcaktuar q\u00eb rezerva do t\u00eb shkoj\u00eb n\u00eb tre muaj, por kjo nuk mjafton m\u00eb si mas\u00eb sigurie. Qytetar\u00ebt meritojn\u00eb nj\u00eb treg nafte q\u00eb t\u00eb jet\u00eb m\u00eb i p\u00ebrballuesh\u00ebm se tregu sot\u201d, &#8211; <\/em>u shpreh kryeministri Rama.<\/p>\n","protected":false},"excerpt":{"rendered":"<p>Kryeministri Edi Rama ka reaguar p\u00ebr her\u00eb p\u00ebr rritjen e \u00e7mimit t\u00eb naft\u00ebs n\u00eb Shqip\u00ebri, si pasoj\u00eb e konfliktit n\u00eb Lindjen e Mesme. N\u00eb nj\u00eb konferenc\u00eb p\u00ebr shtyp, Rama tha se do t\u00eb krijohet faktori i ri i shtetit n\u00eb tregun e naft\u00ebs p\u00ebr t\u00eb leht\u00ebsuar barr\u00ebn e qytetar\u00ebve. Kreu i qeveris\u00eb foli edhe p\u00ebr [&hellip;]<\/p>\n","protected":false},"author":5,"featured_media":75048,"comment_status":"closed","ping_status":"closed","sticky":false,"template":"","format":"standard","meta":{"footnotes":""},"categories":[6327,6332],"tags":[40586,40585],"class_list":{"0":"post-96385","1":"post","2":"type-post","3":"status-publish","4":"format-standard","5":"has-post-thumbnail","7":"category-ekonomi","8":"category-te-fundit","9":"tag-rama-do-nderhyjme-te-lehtesojme-barren-e-qytetareve","10":"tag-rritja-e-cmimit-te-naftes"},"_links":{"self":[{"href":"https:\/\/jugulajm.net\/index.php?rest_route=\/wp\/v2\/posts\/96385","targetHints":{"allow":["GET"]}}],"collection":[{"href":"https:\/\/jugulajm.net\/index.php?rest_route=\/wp\/v2\/posts"}],"about":[{"href":"https:\/\/jugulajm.net\/index.php?rest_route=\/wp\/v2\/types\/post"}],"author":[{"embeddable":true,"href":"https:\/\/jugulajm.net\/index.php?rest_route=\/wp\/v2\/users\/5"}],"replies":[{"embeddable":true,"href":"https:\/\/jugulajm.net\/index.php?rest_route=%2Fwp%2Fv2%2Fcomments&post=96385"}],"version-history":[{"count":2,"href":"https:\/\/jugulajm.net\/index.php?rest_route=\/wp\/v2\/posts\/96385\/revisions"}],"predecessor-version":[{"id":96387,"href":"https:\/\/jugulajm.net\/index.php?rest_route=\/wp\/v2\/posts\/96385\/revisions\/96387"}],"wp:featuredmedia":[{"embeddable":true,"href":"https:\/\/jugulajm.net\/index.php?rest_route=\/wp\/v2\/media\/75048"}],"wp:attachment":[{"href":"https:\/\/jugulajm.net\/index.php?rest_route=%2Fwp%2Fv2%2Fmedia&parent=96385"}],"wp:term":[{"taxonomy":"category","embeddable":true,"href":"https:\/\/jugulajm.net\/index.php?rest_route=%2Fwp%2Fv2%2Fcategories&post=96385"},{"taxonomy":"post_tag","embeddable":true,"href":"https:\/\/jugulajm.net\/index.php?rest_route=%2Fwp%2Fv2%2Ftags&post=96385"}],"curies":[{"name":"wp","href":"https:\/\/api.w.org\/{rel}","templated":true}]}}