{"id":96360,"date":"2026-03-12T22:38:14","date_gmt":"2026-03-12T21:38:14","guid":{"rendered":"https:\/\/jugulajm.net\/?p=96360"},"modified":"2026-03-12T22:38:14","modified_gmt":"2026-03-12T21:38:14","slug":"lajm-i-fundit-zjarr-ne-nje-shtepi-i-moshuari-nderron-jete-nga-asfiksia","status":"publish","type":"post","link":"https:\/\/jugulajm.net\/?p=96360","title":{"rendered":"LAJM I FUNDIT\/ Zjarr n\u00eb nj\u00eb sht\u00ebpi, i moshuari nd\u00ebrron jet\u00eb nga asfiksia"},"content":{"rendered":"<p>Nj\u00eb zjarr ka r\u00ebn\u00eb mbremjen e k\u00ebsaj s\u00eb enjteje n\u00eb nj\u00eb banes\u00eb, ku nj\u00eb i moshuar ka nd\u00ebrruar jet\u00eb si pasoj\u00eb e asfiksis\u00eb. Ngjarja ka ndodhur n\u00eb lagjen \u201cAli Demi\u201d, Tiran\u00eb<\/p>\n<p><strong>N\u00eb informacionin e policis\u00eb thuhet:<\/strong><\/p>\n<p>Rreth or\u00ebs 21:20, n\u00eb rrug\u00ebn \u201cAli Demi\u201d, n\u00eb katin e par\u00eb t\u00eb banes\u00ebs s\u00eb shtetasit Th. Ll, 72 vje\u00e7, ka r\u00ebn\u00eb zjarr. Si pasoj\u00eb dyshohet se ka humbur jet\u00ebn 72-vje\u00e7ari.<\/p>\n<p>Grupi hetimor ndodhet n\u00eb vendngjarje dhe po punon p\u00ebr p\u00ebrcaktimin e shkakut t\u00eb r\u00ebnies s\u00eb zjarrit dhe sqarimin e plot\u00eb t\u00eb rrethanave t\u00eb rastit.<\/p>\n","protected":false},"excerpt":{"rendered":"<p>Nj\u00eb zjarr ka r\u00ebn\u00eb mbremjen e k\u00ebsaj s\u00eb enjteje n\u00eb nj\u00eb banes\u00eb, ku nj\u00eb i moshuar ka nd\u00ebrruar jet\u00eb si pasoj\u00eb e asfiksis\u00eb. Ngjarja ka ndodhur n\u00eb lagjen \u201cAli Demi\u201d, Tiran\u00eb N\u00eb informacionin e policis\u00eb thuhet: Rreth or\u00ebs 21:20, n\u00eb rrug\u00ebn \u201cAli Demi\u201d, n\u00eb katin e par\u00eb t\u00eb banes\u00ebs s\u00eb shtetasit Th. Ll, 72 vje\u00e7, [&hellip;]<\/p>\n","protected":false},"author":5,"featured_media":56139,"comment_status":"closed","ping_status":"closed","sticky":false,"template":"","format":"standard","meta":{"footnotes":""},"categories":[1,6332],"tags":[40572,40571],"class_list":{"0":"post-96360","1":"post","2":"type-post","3":"status-publish","4":"format-standard","5":"has-post-thumbnail","7":"category-aktualitet","8":"category-te-fundit","9":"tag-i-moshuari-nderron-jete-nga-asfiksia","10":"tag-lajm-i-fundit-zjarr-ne-nje-shtepi"},"_links":{"self":[{"href":"https:\/\/jugulajm.net\/index.php?rest_route=\/wp\/v2\/posts\/96360","targetHints":{"allow":["GET"]}}],"collection":[{"href":"https:\/\/jugulajm.net\/index.php?rest_route=\/wp\/v2\/posts"}],"about":[{"href":"https:\/\/jugulajm.net\/index.php?rest_route=\/wp\/v2\/types\/post"}],"author":[{"embeddable":true,"href":"https:\/\/jugulajm.net\/index.php?rest_route=\/wp\/v2\/users\/5"}],"replies":[{"embeddable":true,"href":"https:\/\/jugulajm.net\/index.php?rest_route=%2Fwp%2Fv2%2Fcomments&post=96360"}],"version-history":[{"count":1,"href":"https:\/\/jugulajm.net\/index.php?rest_route=\/wp\/v2\/posts\/96360\/revisions"}],"predecessor-version":[{"id":96361,"href":"https:\/\/jugulajm.net\/index.php?rest_route=\/wp\/v2\/posts\/96360\/revisions\/96361"}],"wp:featuredmedia":[{"embeddable":true,"href":"https:\/\/jugulajm.net\/index.php?rest_route=\/wp\/v2\/media\/56139"}],"wp:attachment":[{"href":"https:\/\/jugulajm.net\/index.php?rest_route=%2Fwp%2Fv2%2Fmedia&parent=96360"}],"wp:term":[{"taxonomy":"category","embeddable":true,"href":"https:\/\/jugulajm.net\/index.php?rest_route=%2Fwp%2Fv2%2Fcategories&post=96360"},{"taxonomy":"post_tag","embeddable":true,"href":"https:\/\/jugulajm.net\/index.php?rest_route=%2Fwp%2Fv2%2Ftags&post=96360"}],"curies":[{"name":"wp","href":"https:\/\/api.w.org\/{rel}","templated":true}]}}