{"id":96320,"date":"2026-03-11T16:43:31","date_gmt":"2026-03-11T15:43:31","guid":{"rendered":"https:\/\/jugulajm.net\/?p=96320"},"modified":"2026-03-11T16:43:31","modified_gmt":"2026-03-11T15:43:31","slug":"neser-protesta-e-opozites-mesazhi-i-ambasades-amerikane-ne-tirane-qendroni-larg-tubimit-te-pd-se","status":"publish","type":"post","link":"https:\/\/jugulajm.net\/?p=96320","title":{"rendered":"Nes\u00ebr protesta e opozit\u00ebs, mesazhi i Ambasad\u00ebs Amerikane n\u00eb Tiran\u00eb: Q\u00ebndroni larg tubimit t\u00eb PD-s\u00eb&#8230;"},"content":{"rendered":"<p>Ambasada e Shteteve t\u00eb Bashkuara n\u00eb Tiran\u00eb ka paralajm\u00ebruar qytetar\u00ebt amerikan\u00eb lidhur me protest\u00ebn e planifikuar t\u00eb Partis\u00eb Demokratike, e cila do t\u00eb mbahet t\u00eb enjten n\u00eb or\u00ebn 10:00 para Kuvendit.<\/p>\n<p>Ambasada amerikane ka k\u00ebshilluar qytetar\u00ebt amerikan\u00eb dhe personelin e saj t\u00eb shmangin zon\u00ebn e demonstrat\u00ebs dhe t\u00eb ndjekin udh\u00ebzimet e autoriteteve vendore. Qytetar\u00ebt gjithashtu k\u00ebshillohen t\u00eb q\u00ebndrojn\u00eb vigjilent\u00eb, t\u00eb jen\u00eb t\u00eb kujdessh\u00ebm dhe t\u00eb ken\u00eb p\u00ebrpar\u00ebsi sigurin\u00eb personale.<\/p>\n<p><strong>Njoftimi i Ambasad\u00ebs Amerikane:<\/strong><\/p>\n<p>Nj\u00eb demonstrat\u00eb \u00ebsht\u00eb planifikuar t\u00eb zhvillohet t\u00eb enjten, m\u00eb 12 mars 2026, n\u00eb or\u00ebn 10:00 t\u00eb m\u00ebngjesit. Protestuesit planifikojn\u00eb t\u00eb mblidhen n\u00eb nd\u00ebrtes\u00ebn e Parlamentit n\u00eb Rrug\u00ebn George W. Bush.<\/p>\n<p>Protesta mund t\u00eb zgjerohet n\u00eb zonat p\u00ebrreth dhe nd\u00ebrtesat qeveritare. Pritet prani e shtuar e policis\u00eb, mbyllje rrug\u00ebsh dhe nd\u00ebrprerje t\u00eb trafikut n\u00eb or\u00ebt para dhe gjat\u00eb protestave. Personelit t\u00eb Ambasad\u00ebs Amerikane i \u00ebsht\u00eb k\u00ebshilluar t\u00eb shmang\u00eb demonstrat\u00ebn. Monitoroni median lokale dhe ndiqni udh\u00ebzimet e autoriteteve lokale t\u00eb zbatimit t\u00eb ligjit p\u00ebr informacionet m\u00eb t\u00eb fundit.<\/p>\n<p>Nd\u00ebrkoh\u00eb q\u00eb protestat dhe tubimet e m\u00ebdha shpesh fillojn\u00eb n\u00eb m\u00ebnyr\u00eb paq\u00ebsore, situatat mund t\u00eb ndryshojn\u00eb shpejt. Protesta mund t\u00eb zgjerohet n\u00eb blloqet dhe nd\u00ebrtesat qeveritare aty pran\u00eb, duke shkaktuar potencialisht nd\u00ebrprerje t\u00eb trafikut, devijime dhe mbyllje rrug\u00ebsh.<\/p>\n<p>Udh\u00ebzimi yn\u00eb i p\u00ebrhersh\u00ebm \u00ebsht\u00eb t\u00eb shmangni zonat e protestave. N\u00ebse jeni n\u00eb qytet, ju lutemi q\u00ebndroni vigjilent\u00eb dhe jepini p\u00ebrpar\u00ebsi siguris\u00eb suaj personale. Forconi q\u00ebndrimin tuaj t\u00eb siguris\u00eb duke praktikuar zakonet e m\u00ebposhtme:<\/p>\n<p>Veprimet q\u00eb duhen nd\u00ebrmarr\u00eb:<\/p>\n<p>Qytetar\u00ebve amerikan\u00eb u k\u00ebshillohet t\u00eb shmangin k\u00ebt\u00eb ngjarje.<\/p>\n<p>Ji i vet\u00ebdijsh\u00ebm p\u00ebr mjedisin p\u00ebrreth.<\/p>\n<p>Kufizoni shp\u00ebrqendrimet si telefonat ose kufjet n\u00eb publik.<\/p>\n<p>Monitoroni mediat lokale.<\/p>\n<p>Gjithmon\u00eb keni nj\u00eb plan emergjence ose strategji daljeje.<\/p>\n<p>Mbani nj\u00eb profil t\u00eb ul\u00ebt.<\/p>\n","protected":false},"excerpt":{"rendered":"<p>Ambasada e Shteteve t\u00eb Bashkuara n\u00eb Tiran\u00eb ka paralajm\u00ebruar qytetar\u00ebt amerikan\u00eb lidhur me protest\u00ebn e planifikuar t\u00eb Partis\u00eb Demokratike, e cila do t\u00eb mbahet t\u00eb enjten n\u00eb or\u00ebn 10:00 para Kuvendit. Ambasada amerikane ka k\u00ebshilluar qytetar\u00ebt amerikan\u00eb dhe personelin e saj t\u00eb shmangin zon\u00ebn e demonstrat\u00ebs dhe t\u00eb ndjekin udh\u00ebzimet e autoriteteve vendore. Qytetar\u00ebt gjithashtu [&hellip;]<\/p>\n","protected":false},"author":5,"featured_media":87824,"comment_status":"closed","ping_status":"closed","sticky":false,"template":"","format":"standard","meta":{"footnotes":""},"categories":[1,6332],"tags":[40548,40547],"class_list":{"0":"post-96320","1":"post","2":"type-post","3":"status-publish","4":"format-standard","5":"has-post-thumbnail","7":"category-aktualitet","8":"category-te-fundit","9":"tag-mesazhi-i-ambasades-amerikane-ne-tirane-qendroni-larg-tubimit-te-pd-se","10":"tag-neser-protesta-e-opozites"},"_links":{"self":[{"href":"https:\/\/jugulajm.net\/index.php?rest_route=\/wp\/v2\/posts\/96320","targetHints":{"allow":["GET"]}}],"collection":[{"href":"https:\/\/jugulajm.net\/index.php?rest_route=\/wp\/v2\/posts"}],"about":[{"href":"https:\/\/jugulajm.net\/index.php?rest_route=\/wp\/v2\/types\/post"}],"author":[{"embeddable":true,"href":"https:\/\/jugulajm.net\/index.php?rest_route=\/wp\/v2\/users\/5"}],"replies":[{"embeddable":true,"href":"https:\/\/jugulajm.net\/index.php?rest_route=%2Fwp%2Fv2%2Fcomments&post=96320"}],"version-history":[{"count":1,"href":"https:\/\/jugulajm.net\/index.php?rest_route=\/wp\/v2\/posts\/96320\/revisions"}],"predecessor-version":[{"id":96321,"href":"https:\/\/jugulajm.net\/index.php?rest_route=\/wp\/v2\/posts\/96320\/revisions\/96321"}],"wp:featuredmedia":[{"embeddable":true,"href":"https:\/\/jugulajm.net\/index.php?rest_route=\/wp\/v2\/media\/87824"}],"wp:attachment":[{"href":"https:\/\/jugulajm.net\/index.php?rest_route=%2Fwp%2Fv2%2Fmedia&parent=96320"}],"wp:term":[{"taxonomy":"category","embeddable":true,"href":"https:\/\/jugulajm.net\/index.php?rest_route=%2Fwp%2Fv2%2Fcategories&post=96320"},{"taxonomy":"post_tag","embeddable":true,"href":"https:\/\/jugulajm.net\/index.php?rest_route=%2Fwp%2Fv2%2Ftags&post=96320"}],"curies":[{"name":"wp","href":"https:\/\/api.w.org\/{rel}","templated":true}]}}