{"id":96313,"date":"2026-03-11T14:04:45","date_gmt":"2026-03-11T13:04:45","guid":{"rendered":"https:\/\/jugulajm.net\/?p=96313"},"modified":"2026-03-11T14:04:45","modified_gmt":"2026-03-11T13:04:45","slug":"emri-foto-ky-eshte-i-riu-i-akuzuar-per-vetevrasjen-e-25-vjecares","status":"publish","type":"post","link":"https:\/\/jugulajm.net\/?p=96313","title":{"rendered":"EMRI-FOTO\/ Ky \u00ebsht\u00eb i riu i akuzuar p\u00ebr vet\u00ebvrasjen e 25-vje\u00e7ares"},"content":{"rendered":"<p>I riu q\u00eb shikoni n\u00eb foton e m\u00ebsip\u00ebrme \u00ebsht\u00eb i shpallur n\u00eb k\u00ebrkim nga policia.\u00a0 25-vje\u00e7ari Eraldo Fizi dyshohet se ka ushtruar dhun\u00eb ndaj t\u00eb dashur\u00ebs s\u00eb tij, Xhuana NikollI<strong>,<\/strong>\u00a0e cila humbi jet\u00ebn nj\u00eb dit\u00eb m\u00eb par\u00eb n\u00eb QSUT pasi konsumoi fotoksin\u00eb.<\/p>\n<div class=\"jeg_ad jeg_ad_article jnews_content_inline_ads  \">\n<div class=\"ads-wrapper align-center \">\n<div class=\"ads_code\">Sipas Policis\u00eb, Fizi, akuzohet p\u00ebr veprat penale \u201cDhuna n\u00eb familje\u201d dhe \u201cShkaktimi i vet\u00ebvrasjes\u201d. Ishin famijar\u00ebt e Nikollajt ata t\u00eb cil\u00ebt kall\u00ebzuar 25-vje\u00e7arin p\u00ebr dhun\u00eb nd\u00ebrsa sipas raportimeve edhe n\u00eb trupin e t\u00eb res\u00eb jan\u00eb konstatuar shenja dhune.<\/div>\n<\/div>\n<\/div>\n<p><em>\u201cU shpall n\u00eb k\u00ebrkim, p\u00ebr veprat penale \u201cDhuna n\u00eb familje\u201d dhe \u201cShkaktimi i vet\u00ebvrasjes\u201d, shtetasi E. F., 25 vje\u00e7, pasi dyshohet se ka ushtruar dhun\u00eb ndaj t\u00eb dashur\u00ebs s\u00eb tij, veprim i cili dyshohet se \u00ebsht\u00eb b\u00ebr\u00eb shkak q\u00eb shtetasja t\u00eb konsumoj\u00eb Fotoksin\u00eb. Si pasoj\u00eb, ajo ka humbur jet\u00ebn n\u00eb spital. Punohet intensivisht p\u00ebr lokalizimin dhe kapjen e 25-vje\u00e7arit, si dhe p\u00ebr sqarimin dhe dokumentimin e rrethanave t\u00eb rastit\u201d,\u00a0<\/em>njoftoi policia.<\/p>\n<p>Fizi dhe Nikollaj ishin martuar n\u00eb qershor t\u00eb vitit 2025, por p\u00ebr shkak t\u00eb konflikteve ishin ndar\u00eb pas tre muajsh. Hetimet vijojn\u00eb p\u00ebr t\u00eb sqaruar rrethanat e ngjarjes dhe p\u00ebr t\u00eb kapur t\u00eb dyshuarin.<\/p>\n","protected":false},"excerpt":{"rendered":"<p>I riu q\u00eb shikoni n\u00eb foton e m\u00ebsip\u00ebrme \u00ebsht\u00eb i shpallur n\u00eb k\u00ebrkim nga policia.\u00a0 25-vje\u00e7ari Eraldo Fizi dyshohet se ka ushtruar dhun\u00eb ndaj t\u00eb dashur\u00ebs s\u00eb tij, Xhuana NikollI,\u00a0e cila humbi jet\u00ebn nj\u00eb dit\u00eb m\u00eb par\u00eb n\u00eb QSUT pasi konsumoi fotoksin\u00eb. Sipas Policis\u00eb, Fizi, akuzohet p\u00ebr veprat penale \u201cDhuna n\u00eb familje\u201d dhe \u201cShkaktimi i [&hellip;]<\/p>\n","protected":false},"author":5,"featured_media":96314,"comment_status":"closed","ping_status":"closed","sticky":false,"template":"","format":"standard","meta":{"footnotes":""},"categories":[1,6332],"tags":[40543,40542],"class_list":{"0":"post-96313","1":"post","2":"type-post","3":"status-publish","4":"format-standard","5":"has-post-thumbnail","7":"category-aktualitet","8":"category-te-fundit","9":"tag-eraldo-fizi","10":"tag-ky-eshte-i-riu-i-akuzuar-per-vetevrasjen-e-25-vjecares"},"_links":{"self":[{"href":"https:\/\/jugulajm.net\/index.php?rest_route=\/wp\/v2\/posts\/96313","targetHints":{"allow":["GET"]}}],"collection":[{"href":"https:\/\/jugulajm.net\/index.php?rest_route=\/wp\/v2\/posts"}],"about":[{"href":"https:\/\/jugulajm.net\/index.php?rest_route=\/wp\/v2\/types\/post"}],"author":[{"embeddable":true,"href":"https:\/\/jugulajm.net\/index.php?rest_route=\/wp\/v2\/users\/5"}],"replies":[{"embeddable":true,"href":"https:\/\/jugulajm.net\/index.php?rest_route=%2Fwp%2Fv2%2Fcomments&post=96313"}],"version-history":[{"count":1,"href":"https:\/\/jugulajm.net\/index.php?rest_route=\/wp\/v2\/posts\/96313\/revisions"}],"predecessor-version":[{"id":96315,"href":"https:\/\/jugulajm.net\/index.php?rest_route=\/wp\/v2\/posts\/96313\/revisions\/96315"}],"wp:featuredmedia":[{"embeddable":true,"href":"https:\/\/jugulajm.net\/index.php?rest_route=\/wp\/v2\/media\/96314"}],"wp:attachment":[{"href":"https:\/\/jugulajm.net\/index.php?rest_route=%2Fwp%2Fv2%2Fmedia&parent=96313"}],"wp:term":[{"taxonomy":"category","embeddable":true,"href":"https:\/\/jugulajm.net\/index.php?rest_route=%2Fwp%2Fv2%2Fcategories&post=96313"},{"taxonomy":"post_tag","embeddable":true,"href":"https:\/\/jugulajm.net\/index.php?rest_route=%2Fwp%2Fv2%2Ftags&post=96313"}],"curies":[{"name":"wp","href":"https:\/\/api.w.org\/{rel}","templated":true}]}}