{"id":96290,"date":"2026-03-10T19:51:38","date_gmt":"2026-03-10T18:51:38","guid":{"rendered":"https:\/\/jugulajm.net\/?p=96290"},"modified":"2026-03-10T19:51:38","modified_gmt":"2026-03-10T18:51:38","slug":"kuvend-zbardhet-agjenda-e-seances-se-12-marsit-do-flase-balluku","status":"publish","type":"post","link":"https:\/\/jugulajm.net\/?p=96290","title":{"rendered":"Kuvend, zbardhet agjenda e seanc\u00ebs s\u00eb 12 marsit, do flas\u00eb Balluku&#8230;"},"content":{"rendered":"<p data-start=\"124\" data-end=\"325\">Kuvendi i Shqip\u00ebris\u00eb ka publikuar agjend\u00ebn e punimeve p\u00ebr seanc\u00ebn e 12 marsit, ku nj\u00eb nga \u00e7\u00ebshtjet kryesore do t\u00eb jet\u00eb k\u00ebrkesa p\u00ebr dh\u00ebnien e autorizimit p\u00ebr arrestimin e ish-ministres Belinda Balluku.<\/p>\n<p data-start=\"327\" data-end=\"649\">Sipas agjend\u00ebs, deputetja Balluku do t\u00eb paraqitet e para n\u00eb seanc\u00eb dhe do t\u00eb shprehet p\u00ebr \u00e7\u00ebshtjen q\u00eb ka t\u00eb b\u00ebj\u00eb me k\u00ebrkes\u00ebn p\u00ebr arrestin e saj.<\/p>\n<p data-start=\"327\" data-end=\"649\">Pas fjal\u00ebs s\u00eb saj, opozita do t\u00eb paraqes\u00eb raportin e hartuar nga an\u00ebtar\u00ebt e K\u00ebshillit p\u00ebr Rregulloren, Mandatet dhe Imunitetin, i cili do t\u00eb diskutohet nga shumica parlamentare.<\/p>\n<p data-start=\"651\" data-end=\"947\" data-is-last-node=\"\" data-is-only-node=\"\">Pas paraqitjes s\u00eb raporteve t\u00eb dy grupeve, do t\u00eb hidheshin n\u00eb votim p\u00ebr miratim, ku k\u00ebrkohet shumic\u00eb e thjesht\u00eb p\u00ebr t\u00eb kaluar projektvendimin.<\/p>\n<p data-start=\"651\" data-end=\"947\" data-is-last-node=\"\" data-is-only-node=\"\">Seanca \u00ebsht\u00eb pritur me interes t\u00eb madh politik, pasi \u00e7\u00ebshtja e autorizimit t\u00eb arrestimit t\u00eb Ballukut ka t\u00ebrhequr v\u00ebmendjen e mediave dhe opinioni publik.<\/p>\n","protected":false},"excerpt":{"rendered":"<p>Kuvendi i Shqip\u00ebris\u00eb ka publikuar agjend\u00ebn e punimeve p\u00ebr seanc\u00ebn e 12 marsit, ku nj\u00eb nga \u00e7\u00ebshtjet kryesore do t\u00eb jet\u00eb k\u00ebrkesa p\u00ebr dh\u00ebnien e autorizimit p\u00ebr arrestimin e ish-ministres Belinda Balluku. Sipas agjend\u00ebs, deputetja Balluku do t\u00eb paraqitet e para n\u00eb seanc\u00eb dhe do t\u00eb shprehet p\u00ebr \u00e7\u00ebshtjen q\u00eb ka t\u00eb b\u00ebj\u00eb me k\u00ebrkes\u00ebn [&hellip;]<\/p>\n","protected":false},"author":5,"featured_media":45713,"comment_status":"closed","ping_status":"closed","sticky":false,"template":"","format":"standard","meta":{"footnotes":""},"categories":[6326,6332],"tags":[40529,40527,40528],"class_list":{"0":"post-96290","1":"post","2":"type-post","3":"status-publish","4":"format-standard","5":"has-post-thumbnail","7":"category-politike","8":"category-te-fundit","9":"tag-do-flase-balluku","10":"tag-kuvend","11":"tag-zbardhet-agjenda-e-seances-se-12-marsit"},"_links":{"self":[{"href":"https:\/\/jugulajm.net\/index.php?rest_route=\/wp\/v2\/posts\/96290","targetHints":{"allow":["GET"]}}],"collection":[{"href":"https:\/\/jugulajm.net\/index.php?rest_route=\/wp\/v2\/posts"}],"about":[{"href":"https:\/\/jugulajm.net\/index.php?rest_route=\/wp\/v2\/types\/post"}],"author":[{"embeddable":true,"href":"https:\/\/jugulajm.net\/index.php?rest_route=\/wp\/v2\/users\/5"}],"replies":[{"embeddable":true,"href":"https:\/\/jugulajm.net\/index.php?rest_route=%2Fwp%2Fv2%2Fcomments&post=96290"}],"version-history":[{"count":1,"href":"https:\/\/jugulajm.net\/index.php?rest_route=\/wp\/v2\/posts\/96290\/revisions"}],"predecessor-version":[{"id":96291,"href":"https:\/\/jugulajm.net\/index.php?rest_route=\/wp\/v2\/posts\/96290\/revisions\/96291"}],"wp:featuredmedia":[{"embeddable":true,"href":"https:\/\/jugulajm.net\/index.php?rest_route=\/wp\/v2\/media\/45713"}],"wp:attachment":[{"href":"https:\/\/jugulajm.net\/index.php?rest_route=%2Fwp%2Fv2%2Fmedia&parent=96290"}],"wp:term":[{"taxonomy":"category","embeddable":true,"href":"https:\/\/jugulajm.net\/index.php?rest_route=%2Fwp%2Fv2%2Fcategories&post=96290"},{"taxonomy":"post_tag","embeddable":true,"href":"https:\/\/jugulajm.net\/index.php?rest_route=%2Fwp%2Fv2%2Ftags&post=96290"}],"curies":[{"name":"wp","href":"https:\/\/api.w.org\/{rel}","templated":true}]}}