{"id":96285,"date":"2026-03-10T17:49:25","date_gmt":"2026-03-10T16:49:25","guid":{"rendered":"https:\/\/jugulajm.net\/?p=96285"},"modified":"2026-03-10T17:49:25","modified_gmt":"2026-03-10T16:49:25","slug":"ish-ministri-socialist-nese-rama-sjep-doreheqjen-mund-te-kete-fund-te-hidhur","status":"publish","type":"post","link":"https:\/\/jugulajm.net\/?p=96285","title":{"rendered":"Ish-ministri socialist: N\u00ebse Rama s&#8217;jep dor\u00ebheqjen mund t\u00eb ket\u00eb fund t\u00eb hidhur"},"content":{"rendered":"<p>Ish-ministri socialist i Financave Arben Malaj, ka komentuar zhvillimet e fundit politike n\u00eb vend n\u00eb nj\u00eb koh\u00eb kur SPAK ka k\u00ebrkuar arrestimin e Belinda Balluku dhe Rama ka b\u00ebr\u00eb \u2018avokatin\u2019 e k\u00ebsaj t\u00eb fundit.<\/p>\n<p>I ftuar n\u00eb News24, Malaj u shpreh se \u00e7do vendim duhet t\u00eb respektoj\u00eb parimin e barazis\u00eb p\u00ebrpara ligjit, duke paralajm\u00ebruar se do t\u00eb ishte problematike n\u00ebse politika p\u00ebrpiqet t\u00eb ndaloj\u00eb arrestimin e zyrtar\u00ebve t\u00eb akuzuar p\u00ebr korrupsion.<\/p>\n<p>Ai kritikoi gjithashtu Edi Ram\u00eb, duke th\u00ebn\u00eb se vendi po p\u00ebrballet me nj\u00eb kriz\u00eb politike dhe se dor\u00ebheqja, sipas tij, do t\u00eb ishte nj\u00eb akt p\u00ebrgjegj\u00ebsie.<\/p>\n<p>\u201cParimi themelor i nj\u00eb shteti ligjor \u00ebsht\u00eb q\u00eb p\u00ebrpara ligjit t\u00eb gjith\u00eb jan\u00eb t\u00eb barabart\u00eb dhe ky parim duhet t\u00eb vlej\u00eb p\u00ebr \u00e7do shqiptar. Kriza i ka hedhur rr\u00ebnj\u00ebt e veta. Shenjat e para t\u00eb s\u00ebmundjes s\u00eb nj\u00eb lideri t\u00eb d\u00ebshtuar jan\u00eb t\u00eb shoh\u00ebsh armiq kudo. Sheh armiq nd\u00ebrkomb\u00ebtar\u00eb, brenda dhe jasht\u00eb partis\u00eb. Kjo psikoz\u00eb do i kushtoj\u00eb shtrenjt\u00eb n\u00ebse nuk jep dor\u00ebheqjen. Dor\u00ebheqja \u00ebsht\u00eb shenj\u00eb atdhedashurie. N\u00ebse do rrij\u00eb m\u00eb gjat\u00eb do jet\u00eb m\u00eb keq\u201d, u shpreh Malaj.<\/p>\n<p>Megjithat\u00eb ai theksoi se nuk beson se vendi do t\u00eb shkoj\u00eb drejt destabilizimit, duke shtuar se qytetar\u00ebt jan\u00eb t\u00eb zhg\u00ebnjyer dhe shpesh zgjedhin emigrimin p\u00ebr shkak t\u00eb munges\u00ebs s\u00eb besimit te politika.<\/p>\n<p>Sipas Malajt, p\u00ebrpjekjet p\u00ebr t\u00eb dob\u00ebsuar drejt\u00ebsin\u00eb e re nuk do t\u00eb ken\u00eb sukses.<\/p>\n<p>\u201c\u00cbsht\u00eb e pamundur q\u00eb Rama t\u00eb arrij\u00eb t\u00eb shp\u00ebrb\u00ebj\u00eb SPAK, si\u00e7 u tentua dikur n\u00eb Rumani. Nuk ka kthim pas. Ose do t\u00eb bashk\u00ebpunoj\u00eb sinqerisht me drejt\u00ebsin\u00eb, ose do t\u00eb ket\u00eb nj\u00eb fund politik t\u00eb hidhur\u201d, tha ai.<\/p>\n<p>N\u00eb fund, Malaj shtoi se nj\u00eb nga arsyet kryesore t\u00eb zhg\u00ebnjimit t\u00eb qytetar\u00ebve \u00ebsht\u00eb perceptimi se parat\u00eb kriminale jan\u00eb nd\u00ebrthurur me pushtetin politik n\u00eb vend.<\/p>\n","protected":false},"excerpt":{"rendered":"<p>Ish-ministri socialist i Financave Arben Malaj, ka komentuar zhvillimet e fundit politike n\u00eb vend n\u00eb nj\u00eb koh\u00eb kur SPAK ka k\u00ebrkuar arrestimin e Belinda Balluku dhe Rama ka b\u00ebr\u00eb \u2018avokatin\u2019 e k\u00ebsaj t\u00eb fundit. I ftuar n\u00eb News24, Malaj u shpreh se \u00e7do vendim duhet t\u00eb respektoj\u00eb parimin e barazis\u00eb p\u00ebrpara ligjit, duke paralajm\u00ebruar se [&hellip;]<\/p>\n","protected":false},"author":5,"featured_media":89271,"comment_status":"closed","ping_status":"closed","sticky":false,"template":"","format":"standard","meta":{"footnotes":""},"categories":[6326,6332],"tags":[7102,40524],"class_list":{"0":"post-96285","1":"post","2":"type-post","3":"status-publish","4":"format-standard","5":"has-post-thumbnail","7":"category-politike","8":"category-te-fundit","9":"tag-arben-malaj","10":"tag-ish-ministri-socialist-nese-rama-sjep-doreheqjen-mund-te-kete-fund-te-hidhur"},"_links":{"self":[{"href":"https:\/\/jugulajm.net\/index.php?rest_route=\/wp\/v2\/posts\/96285","targetHints":{"allow":["GET"]}}],"collection":[{"href":"https:\/\/jugulajm.net\/index.php?rest_route=\/wp\/v2\/posts"}],"about":[{"href":"https:\/\/jugulajm.net\/index.php?rest_route=\/wp\/v2\/types\/post"}],"author":[{"embeddable":true,"href":"https:\/\/jugulajm.net\/index.php?rest_route=\/wp\/v2\/users\/5"}],"replies":[{"embeddable":true,"href":"https:\/\/jugulajm.net\/index.php?rest_route=%2Fwp%2Fv2%2Fcomments&post=96285"}],"version-history":[{"count":1,"href":"https:\/\/jugulajm.net\/index.php?rest_route=\/wp\/v2\/posts\/96285\/revisions"}],"predecessor-version":[{"id":96287,"href":"https:\/\/jugulajm.net\/index.php?rest_route=\/wp\/v2\/posts\/96285\/revisions\/96287"}],"wp:featuredmedia":[{"embeddable":true,"href":"https:\/\/jugulajm.net\/index.php?rest_route=\/wp\/v2\/media\/89271"}],"wp:attachment":[{"href":"https:\/\/jugulajm.net\/index.php?rest_route=%2Fwp%2Fv2%2Fmedia&parent=96285"}],"wp:term":[{"taxonomy":"category","embeddable":true,"href":"https:\/\/jugulajm.net\/index.php?rest_route=%2Fwp%2Fv2%2Fcategories&post=96285"},{"taxonomy":"post_tag","embeddable":true,"href":"https:\/\/jugulajm.net\/index.php?rest_route=%2Fwp%2Fv2%2Ftags&post=96285"}],"curies":[{"name":"wp","href":"https:\/\/api.w.org\/{rel}","templated":true}]}}