{"id":96245,"date":"2026-03-09T11:21:01","date_gmt":"2026-03-09T10:21:01","guid":{"rendered":"https:\/\/jugulajm.net\/?p=96245"},"modified":"2026-03-09T11:21:01","modified_gmt":"2026-03-09T10:21:01","slug":"ps-vendos-te-rrezoje-kerkesen-e-spak-per-arrestimin-e-ballukut","status":"publish","type":"post","link":"https:\/\/jugulajm.net\/?p=96245","title":{"rendered":"PS vendos t\u00eb rr\u00ebzoj\u00eb k\u00ebrkes\u00ebn e SPAK p\u00ebr arrestimin e Ballukut"},"content":{"rendered":"<p>Partia Socialiste i ka dh\u00ebn\u00eb mbrojtje politike Belinda Ballukut. Ulsi Manja, an\u00ebtar i K\u00ebshillit t\u00eb Mandateve dhe Imunitetit, teksa prezantoi raportin e PS p\u00ebr k\u00ebrkes\u00ebn e SPAK p\u00ebr dh\u00ebnien e autorizimit p\u00ebr arrestimin e Ballukut, tha se nuk plot\u00ebsohen kushtet p\u00ebr nj\u00eb mas\u00eb m\u00eb t\u00eb ashp\u00ebr.<\/p>\n<p>Gjithashtu, ai tha se PS nuk do t\u00eb jap\u00eb autorizimin p\u00ebr arrestimin e saj, pasi nuk ka akuza shtes\u00eb dhe prova konkrete se ajo ka tentuar t\u00eb prish\u00eb provat, arratiset, apo t\u00eb kryej\u00eb nj\u00eb tjet\u00ebr vep\u00ebr penale.<\/p>\n<p><em>\u201cRreziku i prishjes s\u00eb provave nuk u provua me fakte reale. Por jan\u00eb konsiderata q\u00eb n\u00eb themel t\u00eb tyre kan\u00eb ish-funksionin e ministres q\u00eb mbante Belinda Balluku. Po t\u00eb prishte provat, do t\u00eb kishte nj\u00eb akuz\u00eb t\u00eb dyt\u00eb, q\u00eb \u00ebsht\u00eb ajo e prishjes s\u00eb provave. Nd\u00ebrkoh\u00eb p\u00ebr arratisjen, ka nj\u00eb procedur\u00eb. Rreziku i arratisjes do t\u00eb duhet t\u00eb jet\u00eb real, dhe jo i supozuar. Balluku, edhe pse ka qen\u00eb n\u00eb dijeni t\u00eb hetimeve q\u00eb n\u00eb gusht, edhe pasi iu njoftua akuza nga SPAK, ajo ka udh\u00ebtuar disa her\u00eb jasht\u00eb shtetit.<\/em><\/p>\n<p><em>P\u00ebrs\u00ebri \u00ebsht\u00eb kthyer n\u00eb Shqip\u00ebri n\u00eb respekt t\u00eb mas\u00ebs s\u00eb sigurimit dhe n\u00eb respekt t\u00eb funksionit dhe procedimit penal. Ka udh\u00ebtuar n\u00eb Bukuresh, n\u00eb Athin\u00eb, Rom\u00eb dhe n\u00eb t\u00eb gjitha rastet \u00ebsht\u00eb kthyer n\u00eb Shqip\u00ebri, duke reflektuar sjellje t\u00eb rregullt ndaj autoriteteve. Ka dor\u00ebzuar mjetet e identifikimit. Edhe kart\u00ebn e re t\u00eb identitetit, q\u00eb ka dal\u00eb pasi ka dal\u00eb masa, sapo \u00ebsht\u00eb marr\u00eb n\u00eb dor\u00eb nga deputetja, mbrojtja e saj e ka dor\u00ebzuar. Ju e dini q\u00eb me kart\u00ebn l\u00ebvizet n\u00eb rajon. Pretendimi se sanksioni penal, shtimi i sanksionit, hipotetikisht q\u00eb mund t\u00eb \u00e7oje n\u00eb arratisje, bie posht\u00eb. Dhe ky pretendim nuk q\u00ebndron. Mbi pretendimin e p\u00ebrs\u00ebritjes s\u00eb vepr\u00ebs penale, k\u00ebtu s\u2019dua t\u00eb ndaloj, pasi rreziku k\u00ebrkon t\u00eb jet\u00eb real dhe jo hipotetik.<\/em><\/p>\n<p><em>Edhe ky pretendim nuk q\u00ebndron. Ne si maxhoranc\u00eb, arrijm\u00eb n\u00eb p\u00ebrfundimin se nuk ka vend p\u00ebr dh\u00ebnien e autorizimit p\u00ebr z\u00ebvend\u00ebsimin e mas\u00ebs s\u00eb sigurimit personal, at\u00eb t\u00eb ndalimit t\u00eb daljes jasht\u00eb shtetit me mas\u00ebn m\u00eb t\u00eb r\u00ebnd\u00eb, at\u00eb t\u00eb arrestit me burg, apo n\u00eb sht\u00ebpi, t\u00eb parashikuar nga neni 237 e 238 t\u00eb Kodit Penal t\u00eb Kushtetut\u00ebs\u201d,<\/em>\u00a0tha ai.<\/p>\n","protected":false},"excerpt":{"rendered":"<p>Partia Socialiste i ka dh\u00ebn\u00eb mbrojtje politike Belinda Ballukut. Ulsi Manja, an\u00ebtar i K\u00ebshillit t\u00eb Mandateve dhe Imunitetit, teksa prezantoi raportin e PS p\u00ebr k\u00ebrkes\u00ebn e SPAK p\u00ebr dh\u00ebnien e autorizimit p\u00ebr arrestimin e Ballukut, tha se nuk plot\u00ebsohen kushtet p\u00ebr nj\u00eb mas\u00eb m\u00eb t\u00eb ashp\u00ebr. Gjithashtu, ai tha se PS nuk do t\u00eb jap\u00eb [&hellip;]<\/p>\n","protected":false},"author":5,"featured_media":62346,"comment_status":"closed","ping_status":"closed","sticky":false,"template":"","format":"standard","meta":{"footnotes":""},"categories":[1,6332,29228],"tags":[40502],"class_list":{"0":"post-96245","1":"post","2":"type-post","3":"status-publish","4":"format-standard","5":"has-post-thumbnail","7":"category-aktualitet","8":"category-te-fundit","9":"category-vendi","10":"tag-ps-vendos-te-rrezoje-kerkesen-e-spak-per-arrestimin-e-ballukut"},"_links":{"self":[{"href":"https:\/\/jugulajm.net\/index.php?rest_route=\/wp\/v2\/posts\/96245","targetHints":{"allow":["GET"]}}],"collection":[{"href":"https:\/\/jugulajm.net\/index.php?rest_route=\/wp\/v2\/posts"}],"about":[{"href":"https:\/\/jugulajm.net\/index.php?rest_route=\/wp\/v2\/types\/post"}],"author":[{"embeddable":true,"href":"https:\/\/jugulajm.net\/index.php?rest_route=\/wp\/v2\/users\/5"}],"replies":[{"embeddable":true,"href":"https:\/\/jugulajm.net\/index.php?rest_route=%2Fwp%2Fv2%2Fcomments&post=96245"}],"version-history":[{"count":1,"href":"https:\/\/jugulajm.net\/index.php?rest_route=\/wp\/v2\/posts\/96245\/revisions"}],"predecessor-version":[{"id":96246,"href":"https:\/\/jugulajm.net\/index.php?rest_route=\/wp\/v2\/posts\/96245\/revisions\/96246"}],"wp:featuredmedia":[{"embeddable":true,"href":"https:\/\/jugulajm.net\/index.php?rest_route=\/wp\/v2\/media\/62346"}],"wp:attachment":[{"href":"https:\/\/jugulajm.net\/index.php?rest_route=%2Fwp%2Fv2%2Fmedia&parent=96245"}],"wp:term":[{"taxonomy":"category","embeddable":true,"href":"https:\/\/jugulajm.net\/index.php?rest_route=%2Fwp%2Fv2%2Fcategories&post=96245"},{"taxonomy":"post_tag","embeddable":true,"href":"https:\/\/jugulajm.net\/index.php?rest_route=%2Fwp%2Fv2%2Ftags&post=96245"}],"curies":[{"name":"wp","href":"https:\/\/api.w.org\/{rel}","templated":true}]}}