{"id":96239,"date":"2026-03-09T10:01:54","date_gmt":"2026-03-09T09:01:54","guid":{"rendered":"https:\/\/jugulajm.net\/?p=96239"},"modified":"2026-03-09T10:01:54","modified_gmt":"2026-03-09T09:01:54","slug":"mbahet-seanca-ne-themel-per-veliajn-kryebashkiaku-refuzon-te-paraqitet","status":"publish","type":"post","link":"https:\/\/jugulajm.net\/?p=96239","title":{"rendered":"Mbahet seanca n\u00eb themel p\u00ebr Veliajn, kryebashkiaku refuzon t\u00eb paraqitet"},"content":{"rendered":"<p>Zhvillohet sot n\u00eb Gjykat\u00ebn e Posa\u00e7me seanca e par\u00eb n\u00eb themel p\u00ebr dosjen kund\u00ebr kryebashkiakut t\u00eb Tiran\u00ebs, Erion Veliaj.<\/p>\n<p>N\u00eb seanc\u00eb \u00ebsht\u00eb paraqitur prokurori i SPAK Ols Dado, nd\u00ebrsa kryebashkiaku Veliaj nuk \u00ebsht\u00eb prezent.<\/p>\n<p>Mbrojtja e Veliajt ka lexuar nj\u00eb deklarat\u00eb t\u00eb kryetarit t\u00eb Tiran\u00ebs nga paraburgimi i Durr\u00ebsit ku shprehet: \u201cNuk dua t\u00eb paraqitem n\u00eb seanc\u00eb\u201d.<\/p>\n","protected":false},"excerpt":{"rendered":"<p>Zhvillohet sot n\u00eb Gjykat\u00ebn e Posa\u00e7me seanca e par\u00eb n\u00eb themel p\u00ebr dosjen kund\u00ebr kryebashkiakut t\u00eb Tiran\u00ebs, Erion Veliaj. N\u00eb seanc\u00eb \u00ebsht\u00eb paraqitur prokurori i SPAK Ols Dado, nd\u00ebrsa kryebashkiaku Veliaj nuk \u00ebsht\u00eb prezent. Mbrojtja e Veliajt ka lexuar nj\u00eb deklarat\u00eb t\u00eb kryetarit t\u00eb Tiran\u00ebs nga paraburgimi i Durr\u00ebsit ku shprehet: \u201cNuk dua t\u00eb paraqitem [&hellip;]<\/p>\n","protected":false},"author":5,"featured_media":92981,"comment_status":"closed","ping_status":"closed","sticky":false,"template":"","format":"standard","meta":{"footnotes":""},"categories":[1,6332],"tags":[40498,40497],"class_list":{"0":"post-96239","1":"post","2":"type-post","3":"status-publish","4":"format-standard","5":"has-post-thumbnail","7":"category-aktualitet","8":"category-te-fundit","9":"tag-kryebashkiaku-refuzon-te-paraqitet","10":"tag-mbahet-seanca-ne-themel-per-veliajn"},"_links":{"self":[{"href":"https:\/\/jugulajm.net\/index.php?rest_route=\/wp\/v2\/posts\/96239","targetHints":{"allow":["GET"]}}],"collection":[{"href":"https:\/\/jugulajm.net\/index.php?rest_route=\/wp\/v2\/posts"}],"about":[{"href":"https:\/\/jugulajm.net\/index.php?rest_route=\/wp\/v2\/types\/post"}],"author":[{"embeddable":true,"href":"https:\/\/jugulajm.net\/index.php?rest_route=\/wp\/v2\/users\/5"}],"replies":[{"embeddable":true,"href":"https:\/\/jugulajm.net\/index.php?rest_route=%2Fwp%2Fv2%2Fcomments&post=96239"}],"version-history":[{"count":1,"href":"https:\/\/jugulajm.net\/index.php?rest_route=\/wp\/v2\/posts\/96239\/revisions"}],"predecessor-version":[{"id":96240,"href":"https:\/\/jugulajm.net\/index.php?rest_route=\/wp\/v2\/posts\/96239\/revisions\/96240"}],"wp:featuredmedia":[{"embeddable":true,"href":"https:\/\/jugulajm.net\/index.php?rest_route=\/wp\/v2\/media\/92981"}],"wp:attachment":[{"href":"https:\/\/jugulajm.net\/index.php?rest_route=%2Fwp%2Fv2%2Fmedia&parent=96239"}],"wp:term":[{"taxonomy":"category","embeddable":true,"href":"https:\/\/jugulajm.net\/index.php?rest_route=%2Fwp%2Fv2%2Fcategories&post=96239"},{"taxonomy":"post_tag","embeddable":true,"href":"https:\/\/jugulajm.net\/index.php?rest_route=%2Fwp%2Fv2%2Ftags&post=96239"}],"curies":[{"name":"wp","href":"https:\/\/api.w.org\/{rel}","templated":true}]}}