{"id":96237,"date":"2026-03-09T09:12:57","date_gmt":"2026-03-09T08:12:57","guid":{"rendered":"https:\/\/jugulajm.net\/?p=96237"},"modified":"2026-03-09T09:12:57","modified_gmt":"2026-03-09T08:12:57","slug":"ps-merr-sot-vendimin-per-ballukun-ja-ne-cilen-ore","status":"publish","type":"post","link":"https:\/\/jugulajm.net\/?p=96237","title":{"rendered":"PS merr sot vendimin p\u00ebr Ballukun, ja n\u00eb cil\u00ebn or\u00eb&#8230;"},"content":{"rendered":"<p>Sot, grupi parlamentar i Partia Socialiste do t\u00eb zhvilloj\u00eb nj\u00eb mbledhje ku pritet t\u00eb lexohet raporti i pes\u00eb an\u00ebtar\u00ebve socialist\u00eb n\u00eb K\u00ebshilli i Mandateve, lidhur me k\u00ebrkes\u00ebn e SPAK p\u00ebr dh\u00ebnien e autorizimit p\u00ebr arrestimin e ish-z\u00ebvend\u00ebskryeministres Belinda Balluku.<\/p>\n<p>Mbledhja pritet t\u00eb nis\u00eb n\u00eb or\u00ebn 10:00, nd\u00ebrsa kreu i Grupit Parlamentar t\u00eb socialist\u00ebve, Taulant Balla, u ka b\u00ebr\u00eb thirrje t\u00eb gjith\u00eb deputet\u00ebve t\u00eb jen\u00eb t\u00eb pranish\u00ebm.\u00a0N\u00eb mbledhje pritet t\u00eb jet\u00eb e pranishme edhe vet\u00eb Belinda Balluku.<\/p>\n<p>Megjithat\u00eb, deri m\u00eb tani nuk ka nj\u00eb konfirmim zyrtar n\u00ebse ish-z\u00ebvend\u00ebskryeministrja Belinda Balluku do t\u00eb marr\u00eb fjal\u00ebn gjat\u00eb mbledhjes. Nd\u00ebrkoh\u00eb, kryeministri Edi Rama pritet t\u00eb mbaj\u00eb nj\u00eb fjalim. Hartimi i raportit i \u00ebsht\u00eb besuar kryetarit t\u00eb Komisionit t\u00eb Ligjeve, Ulsi Manja, i cili ka koordinuar pun\u00ebn me an\u00ebtar\u00ebt e tjer\u00eb socialist\u00eb t\u00eb K\u00ebshillit t\u00eb Mandateve p\u00ebr p\u00ebrgatitjen e dokumentit.<\/p>\n<p>Q\u00ebndrimi p\u00ebrfundimtar i socialist\u00ebve pritet t\u00eb vendoset sot, p\u00ebr t\u00eb kaluar m\u00eb pas n\u00eb Kuvend, p\u00ebrball\u00eb q\u00ebndrimit t\u00eb opozit\u00ebs t\u00eb cil\u00ebt jan\u00eb pro\u00a0lejimit t\u00eb arrestimit t\u00eb Ballukut.<\/p>\n<div class=\"insertion-box\">\n<div class=\"\">\n<div id=\"t69ae7fe6d57be\" data-p=\"100\">\n<div id=\"zeri22\" data-google-query-id=\"CLKhlLqukpMDFTmJgwcdDxU1cg\">\n<div id=\"google_ads_iframe_\/97842098\/Zeri_2_0__container__\">N\u00eb mbledhjen e 23 shkurtit, t\u00eb K\u00ebshillit p\u00ebr Rregulloren, Mandatet dhe Imunitetin, Partia Demokratike ka deklaruar vot\u00ebn pro dh\u00ebnies s\u00eb autorizimit, nd\u00ebrsa p\u00ebrfaq\u00ebsuesit socialist\u00eb jan\u00eb shprehur se masa aktuale e pezullimit ndaj saj \u00ebsht\u00eb e mjaftueshme dhe nuk pengon vijimin e hetimeve.<\/div>\n<\/div>\n<\/div>\n<\/div>\n<\/div>\n<p>N\u00eb mbledhjen q\u00eb zgjati rreth 5 or\u00eb, ishin t\u00eb pranish\u00ebm kreu i SPAK, Klodian Braho dhe prokuror\u00ebt e \u00e7\u00ebshtjes, t\u00eb cil\u00ebt k\u00ebrkuan\u00a0q\u00eb Ballukut t\u2019i hiqet imuniteti, duke argumentuar se\u00a0ka intimiduar dhe k\u00ebrc\u00ebnuar d\u00ebshmitar\u00eb dhe se pozita ndaj sa \u00ebsht\u00eb r\u00ebnduar duke rrezikuar deri n\u00eb 35 vite burg. Por, pavar\u00ebsisht k\u00ebtyre fakteve t\u00eb propozuara nga ana e prokuror\u00ebve, socialist\u00ebt dhe demokrat\u00ebt dol\u00ebn me dy q\u00ebndrime t\u00eb ndryshme.<\/p>\n<p>Nd\u00ebrsa PD publikoi raportin e saj p\u00ebr \u00e7\u00ebshtjen, mazhoranca pritet t\u00eb dal\u00eb sot me nj\u00eb q\u00ebndrim zyrtar mbi \u00e7\u00ebshtjen e Ballukut.<\/p>\n<p>T\u00eb dyja raportet do i kalojn\u00eb\u00a0Kuvendit dhe votimi pritet t\u00eb b\u00ebhet n\u00eb seanc\u00ebn e 12 marsit.\u00a0Heqja e imunitetit t\u00eb Ballukut nga Kuvendi do t\u2019i hapte rrug\u00eb arrestimit t\u00eb saj, qoft\u00eb ky arrest me burg, n\u00eb sht\u00ebpi apo edhe kontroll banese.\u00a0Kuvendi ka nj\u00eb afat kohor 3 muaj p\u00ebr t\u00eb vendosur mbi k\u00ebrkes\u00ebn e SPAK dhe autorizimin. N\u00eb rast se Kuvendi nuk e shqyrton k\u00ebrkes\u00ebn n\u00eb harkun kohor t\u00eb 3 muajve, at\u00ebher\u00eb k\u00ebrkesa e SPAK konsiderohet e rr\u00ebzuar.<\/p>\n","protected":false},"excerpt":{"rendered":"<p>Sot, grupi parlamentar i Partia Socialiste do t\u00eb zhvilloj\u00eb nj\u00eb mbledhje ku pritet t\u00eb lexohet raporti i pes\u00eb an\u00ebtar\u00ebve socialist\u00eb n\u00eb K\u00ebshilli i Mandateve, lidhur me k\u00ebrkes\u00ebn e SPAK p\u00ebr dh\u00ebnien e autorizimit p\u00ebr arrestimin e ish-z\u00ebvend\u00ebskryeministres Belinda Balluku. Mbledhja pritet t\u00eb nis\u00eb n\u00eb or\u00ebn 10:00, nd\u00ebrsa kreu i Grupit Parlamentar t\u00eb socialist\u00ebve, Taulant Balla, [&hellip;]<\/p>\n","protected":false},"author":5,"featured_media":45713,"comment_status":"closed","ping_status":"closed","sticky":false,"template":"","format":"standard","meta":{"footnotes":""},"categories":[1,6326,6332],"tags":[35313,40496],"class_list":{"0":"post-96237","1":"post","2":"type-post","3":"status-publish","4":"format-standard","5":"has-post-thumbnail","7":"category-aktualitet","8":"category-politike","9":"category-te-fundit","10":"tag-ja-ne-cilen-ore","11":"tag-ps-merr-sot-vendimin-per-ballukun"},"_links":{"self":[{"href":"https:\/\/jugulajm.net\/index.php?rest_route=\/wp\/v2\/posts\/96237","targetHints":{"allow":["GET"]}}],"collection":[{"href":"https:\/\/jugulajm.net\/index.php?rest_route=\/wp\/v2\/posts"}],"about":[{"href":"https:\/\/jugulajm.net\/index.php?rest_route=\/wp\/v2\/types\/post"}],"author":[{"embeddable":true,"href":"https:\/\/jugulajm.net\/index.php?rest_route=\/wp\/v2\/users\/5"}],"replies":[{"embeddable":true,"href":"https:\/\/jugulajm.net\/index.php?rest_route=%2Fwp%2Fv2%2Fcomments&post=96237"}],"version-history":[{"count":1,"href":"https:\/\/jugulajm.net\/index.php?rest_route=\/wp\/v2\/posts\/96237\/revisions"}],"predecessor-version":[{"id":96238,"href":"https:\/\/jugulajm.net\/index.php?rest_route=\/wp\/v2\/posts\/96237\/revisions\/96238"}],"wp:featuredmedia":[{"embeddable":true,"href":"https:\/\/jugulajm.net\/index.php?rest_route=\/wp\/v2\/media\/45713"}],"wp:attachment":[{"href":"https:\/\/jugulajm.net\/index.php?rest_route=%2Fwp%2Fv2%2Fmedia&parent=96237"}],"wp:term":[{"taxonomy":"category","embeddable":true,"href":"https:\/\/jugulajm.net\/index.php?rest_route=%2Fwp%2Fv2%2Fcategories&post=96237"},{"taxonomy":"post_tag","embeddable":true,"href":"https:\/\/jugulajm.net\/index.php?rest_route=%2Fwp%2Fv2%2Ftags&post=96237"}],"curies":[{"name":"wp","href":"https:\/\/api.w.org\/{rel}","templated":true}]}}