{"id":96197,"date":"2026-03-07T16:57:42","date_gmt":"2026-03-07T15:57:42","guid":{"rendered":"https:\/\/jugulajm.net\/?p=96197"},"modified":"2026-03-07T16:57:42","modified_gmt":"2026-03-07T15:57:42","slug":"emrat-leshohen-nga-spak-8-urdher-arreste-per-nje-grup-kriminal-ja-cilet-jane","status":"publish","type":"post","link":"https:\/\/jugulajm.net\/?p=96197","title":{"rendered":"EMRAT\/ L\u00ebshohen nga SPAK 8 &#8216;urdh\u00ebr-arreste&#8217; p\u00ebr nj\u00eb grup kriminal, ja cil\u00ebt jan\u00eb&#8230;"},"content":{"rendered":"<p>Prokuroria e Posa\u00e7me kund\u00ebr Korrupsionit dhe Krimit t\u00eb Organizuar, SPAK ka publikuar njoftimin zyrtar, ku ka nd\u00ebrmarr\u00eb nj\u00eb operacion t\u00eb gjer\u00eb n\u00eb qytetin e Vlor\u00ebs, duke zbardhur dy atentate mafioze t\u00eb ndodhura pes\u00eb vite m\u00eb par\u00eb. B\u00ebhet fjal\u00eb p\u00ebr vrasjen e Gentjan Qarrit m\u00eb 6 shkurt dhe ekzekutimin e Bledar Bir\u00e7ajt m\u00eb 10 mars t\u00eb vitit 2021.<\/p>\n<p>Sipas hetimeve t\u00eb SPAK, dyshohet se pas k\u00ebtyre ngjarjeve q\u00ebndron nj\u00eb grup kriminal i lidhur me Inez Hajrull\u00ebn, nj\u00eb em\u00ebr i njohur p\u00ebr autoritetet n\u00eb qytetin bregdetar. Hajrulla, i konsideruar nga hetuesit si figur\u00eb me ndikim n\u00eb bot\u00ebn e krimit n\u00eb Vlor\u00eb, ka qen\u00eb m\u00eb her\u00ebt edhe vet\u00eb objektiv i disa atentateve, nga t\u00eb cilat ka arritur t\u00eb mbijetoj\u00eb.<\/p>\n<p>N\u00eb kuad\u00ebr t\u00eb hetimit, SPAK ka l\u00ebshuar tet\u00eb urdh\u00ebr-arreste p\u00ebr persona q\u00eb dyshohen p\u00ebr p\u00ebrfshirje n\u00eb vrasje dhe aktivitete t\u00eb tjera kriminale, kryesisht n\u00eb trafikun e l\u00ebnd\u00ebve narkotike.<\/p>\n<p>Operacioni u zhvillua n\u00eb or\u00ebt e para t\u00eb m\u00ebngjesit t\u00eb s\u00eb shtun\u00ebs, kur forca t\u00eb shumta t\u00eb Policis\u00eb s\u00eb Shtetit, p\u00ebrfshir\u00eb RENEA, FNSH dhe agjent\u00eb t\u00eb Byros\u00eb Komb\u00ebtare t\u00eb Hetimit, zbarkuan n\u00eb Vlor\u00eb p\u00ebr t\u00eb ekzekutuar urdh\u00ebr-arrestet. Megjithat\u00eb, pavar\u00ebsisht kontrolleve t\u00eb shumta q\u00eb zgjat\u00ebn disa or\u00eb, objektivi kryesor i operacionit, Inez Hajrulla, nuk u gjet n\u00eb banes\u00eb dhe nuk u arrestua.<\/p>\n<p>Personat p\u00ebr t\u00eb cil\u00ebt \u00ebsht\u00eb vendosur masa \u201carrest me burg\u201d jan\u00eb:<\/p>\n<ol class=\"wp-block-list\" start=\"1\">\n<li>Inez Hajrulla, i dyshuar p\u00ebr vrasjen e Gentjan Qarrit<\/li>\n<li>Ervis Matodashaj, i dyshuar p\u00ebr vrasjen e Gentjan Qarrit<\/li>\n<li>Flodian Plaku, i njohur me nofk\u00ebn \u201cPole Qorri\u201d, i akuzuar p\u00ebr trafik droge<\/li>\n<li>Ham\u00ebz Demushi, ish-punonj\u00ebs policie, i akuzuar p\u00ebr trafik droge<\/li>\n<li>Argest Xheza, i akuzuar p\u00ebr trafik droge<\/li>\n<li>Arben Memishaj, i akuzuar p\u00ebr trafik droge<\/li>\n<li>Mendu Duka, i akuzuar p\u00ebr trafik droge<\/li>\n<li>Rezart Ku\u00e7i, i akuzuar p\u00ebr trafik droge<\/li>\n<\/ol>\n<p>Sipas njoftimit zyrtar t\u00eb SPAK thuhet se:<\/p>\n<p>Prokuroria e Posa\u00e7me Kund\u00ebr Korrupsionit dhe Krimit t\u00eb Organizuar (SPAK) ka zhvilluar nj\u00eb hetim t\u00eb gjer\u00eb ndaj nj\u00eb grupi t\u00eb strukturuar kriminal me baz\u00eb n\u00eb Vlor\u00eb dhe aktivitet t\u00eb shtrir\u00eb n\u00eb disa vende t\u00eb Bashkimit Europian, i dyshuar p\u00ebr p\u00ebrfshirje n\u00eb vrasje, trafik nd\u00ebrkomb\u00ebtar droge dhe pastrim parash.<\/p>\n<p>Hetimi \u00ebsht\u00eb mb\u00ebshtetur n\u00eb analiz\u00ebn e komunikimeve t\u00eb koduara n\u00eb aplikacionin SkyECC, si dhe n\u00eb veprime t\u00eb tjera hetimore, p\u00ebrmes t\u00eb cilave \u00ebsht\u00eb zbuluar aktiviteti kriminal i grupit.<\/p>\n<p>N\u00eb kuad\u00ebr t\u00eb procedimit penal nr. 152 t\u00eb vitit 2022, SPAK po heton veprat penale: \u201cTrafikim i l\u00ebnd\u00ebve narkotike\u201d n\u00eb form\u00ebn e grupit t\u00eb strukturuar kriminal, \u201cGrup i strukturuar kriminal\u201d, \u201cKryerje e veprave penale nga organizata kriminale\u201d dhe \u201cPastrim i produkteve t\u00eb vepr\u00ebs penale\u201d.<\/p>\n<p>Me k\u00ebrkes\u00eb t\u00eb SPAK, Gjykata e Posa\u00e7me e Shkall\u00ebs s\u00eb Par\u00eb, me vendimin nr. 13, dat\u00eb 5 mars 2026, ka caktuar mas\u00ebn e siguris\u00eb \u201carrest n\u00eb burg\u201d p\u00ebr tet\u00eb shtetas shqiptar\u00eb.<\/p>\n<p>Masat e siguris\u00eb jan\u00eb ekzekutuar nga Byroja Komb\u00ebtare e Hetimit n\u00eb bashk\u00ebpunim me Policin\u00eb e Shtetit dhe Agjencin\u00eb e Mbik\u00ebqyrjes Policore. Deri tani jan\u00eb arrestuar tre persona, nj\u00eb prej t\u00eb cil\u00ebve ndodhet aktualisht n\u00eb Zvic\u00ebr, nd\u00ebrsa vijon puna p\u00ebr kapjen e pes\u00eb t\u00eb tjer\u00ebve.<\/p>\n<p>Gjykata ka miratuar gjithashtu kontrolle ndaj personave t\u00eb dyshuar, banesave dhe automjeteve t\u00eb tyre, veprime q\u00eb jan\u00eb ende n\u00eb zhvillim.<\/p>\n<p>Sipas SPAK, hetimi ka dokumentuar p\u00ebrfshirjen e grupit n\u00eb disa krime t\u00eb r\u00ebnda.<\/p>\n<p>Nj\u00eb prej tyre \u00ebsht\u00eb vrasja me paramendim e shtetasit Gentjan Qarri, e ndodhur m\u00eb 6 shkurt 2021 n\u00eb Vlor\u00eb. Sipas hetimeve, t\u00eb dyshuarit I.H. dhe E.M., n\u00eb bashk\u00ebpunim me an\u00ebtar\u00eb t\u00eb tjer\u00eb t\u00eb grupit, kan\u00eb organizuar dhe koordinuar n\u00eb koh\u00eb reale me ekzekutor\u00ebt. Ata dyshohet se kan\u00eb dh\u00ebn\u00eb udh\u00ebzime p\u00ebr monitorimin e viktim\u00ebs, sigurimin e automjeteve p\u00ebr atentatin, largimin e autor\u00ebve dhe djegien e makin\u00ebs s\u00eb p\u00ebrdorur n\u00eb krim.<\/p>\n<p>Nga komunikimet e zbardhura rezulton gjithashtu se t\u00eb nj\u00ebjt\u00ebt persona kishin planifikuar vrasjen e shtetasit B.B., duke monitoruar vazhdimisht l\u00ebvizjet e tij p\u00ebrmes kamerave t\u00eb vendosura pran\u00eb lokalit \u201cThe Boss\u201d n\u00eb Vlor\u00eb. Viktima u ekzekutua m\u00eb 10 maj 2021 n\u00eb lagjen \u201cHajro \u00c7ak\u00ebrri\u201d.<\/p>\n<p>Nga hetimet dhe analizimi i komunikimeve n\u00eb SkyECC jan\u00eb dokumentuar disa raste t\u00eb trafikimit nd\u00ebrkomb\u00ebtar t\u00eb drog\u00ebs, t\u00eb shoq\u00ebruara me sekuestrime t\u00eb m\u00ebdha.<\/p>\n<p>N\u00eb portin e Roterdamit n\u00eb Holand\u00eb jan\u00eb sekuestruar 750 kilogram\u00eb kokain\u00eb t\u00eb porositura n\u00eb Ekuador nga shtetasi F.P. n\u00eb bashk\u00ebpunim me M.D. dhe persona t\u00eb tjer\u00eb. Sasia kishte destinacion vende t\u00eb ndryshme t\u00eb Bashkimit Europian.<\/p>\n<p>Po ashtu, rreth 14 kilogram\u00eb kokain\u00eb jan\u00eb sekuestruar n\u00eb Patra t\u00eb Greqis\u00eb, brenda nj\u00eb kamioni q\u00eb kishte ardhur nga Holanda dhe q\u00eb sipas hetimeve transportonte nj\u00eb tjet\u00ebr ngarkes\u00eb droge me destinacion Italin\u00eb.<\/p>\n<p>Nj\u00eb tjet\u00ebr operacion i autoriteteve gjermane n\u00eb dhjetor 2020 \u00e7oi n\u00eb sekuestrimin e 400 kilogram\u00ebve kokain\u00eb t\u00eb trafikuar nga Spanja drejt Gjermanis\u00eb. Sipas hetimeve, porosit\u00ebs dhe posedues t\u00eb k\u00ebsaj sasie dyshohet t\u00eb jen\u00eb shtetasit R.K., oficer policie, dhe A.M., n\u00eb bashk\u00ebpunim me an\u00ebtar\u00eb t\u00eb tjer\u00eb t\u00eb grupit.<\/p>\n<p>Grupi dyshohet gjithashtu p\u00ebr trafikim t\u00eb cannabis sativa, ku jan\u00eb dokumentuar sekuestrime prej 227 kilogram\u00ebsh n\u00eb pik\u00ebn doganore Ipsala n\u00eb Turqi n\u00eb korrik 2020 dhe rreth 500 kilogram\u00eb n\u00eb vendkalimin kufitar Bogorodic\u00eb n\u00eb Maqedonin\u00eb e Veriut n\u00eb mars 2021.<\/p>\n<p>Sipas SPAK, oficeri i policis\u00eb R.K. dyshohet se ka p\u00ebrdorur detyr\u00ebn e tij p\u00ebr t\u00eb ndihmuar aktivitetin kriminal t\u00eb grupit.<\/p>\n<p>Ai akuzohet se ka siguruar logjistik\u00eb p\u00ebr transportin e drog\u00ebs, ka nxjerr\u00eb informacione konfidenciale mbi kontrollet policore, ka nd\u00ebrhyr\u00eb n\u00eb telefona p\u00ebr t\u00eb fshir\u00eb t\u00eb dh\u00ebna me interes p\u00ebr hetimin dhe ka p\u00ebrdorur n\u00eb m\u00ebnyr\u00eb t\u00eb paligjshme sistemin TIMS p\u00ebr interes t\u00eb personave t\u00eb p\u00ebrfshir\u00eb n\u00eb aktivitet kriminal.<\/p>\n<p>Gjithashtu dyshohet se ai p\u00ebrdorte komunikime t\u00eb koduara p\u00ebrmes aplikacionit SkyECC.<\/p>\n<p>Operacioni \u00ebsht\u00eb realizuar n\u00eb bashk\u00ebpunim me partner\u00eb nd\u00ebrkomb\u00ebtar\u00eb, p\u00ebrfshir\u00eb Europol, Eurojust, DEA dhe agjenci ligjzbatuese t\u00eb vendeve t\u00eb Bashkimit Europian.<\/p>\n<p>SPAK b\u00ebri t\u00eb ditur se hetimet vijojn\u00eb p\u00ebr dokumentimin e plot\u00eb t\u00eb aktivitetit kriminal dhe p\u00ebr identifikimin e personave t\u00eb tjer\u00eb t\u00eb p\u00ebrfshir\u00eb n\u00eb k\u00ebt\u00eb rrjet.<\/p>\n","protected":false},"excerpt":{"rendered":"<p>Prokuroria e Posa\u00e7me kund\u00ebr Korrupsionit dhe Krimit t\u00eb Organizuar, SPAK ka publikuar njoftimin zyrtar, ku ka nd\u00ebrmarr\u00eb nj\u00eb operacion t\u00eb gjer\u00eb n\u00eb qytetin e Vlor\u00ebs, duke zbardhur dy atentate mafioze t\u00eb ndodhura pes\u00eb vite m\u00eb par\u00eb. B\u00ebhet fjal\u00eb p\u00ebr vrasjen e Gentjan Qarrit m\u00eb 6 shkurt dhe ekzekutimin e Bledar Bir\u00e7ajt m\u00eb 10 mars t\u00eb [&hellip;]<\/p>\n","protected":false},"author":5,"featured_media":83713,"comment_status":"closed","ping_status":"closed","sticky":false,"template":"","format":"standard","meta":{"footnotes":""},"categories":[1,6332,29228],"tags":[40476,31264],"class_list":{"0":"post-96197","1":"post","2":"type-post","3":"status-publish","4":"format-standard","5":"has-post-thumbnail","7":"category-aktualitet","8":"category-te-fundit","9":"category-vendi","10":"tag-emrat-leshohen-nga-spak-8-urdher-arreste-per-nje-grup-kriminal","11":"tag-ja-cilet-jane"},"_links":{"self":[{"href":"https:\/\/jugulajm.net\/index.php?rest_route=\/wp\/v2\/posts\/96197","targetHints":{"allow":["GET"]}}],"collection":[{"href":"https:\/\/jugulajm.net\/index.php?rest_route=\/wp\/v2\/posts"}],"about":[{"href":"https:\/\/jugulajm.net\/index.php?rest_route=\/wp\/v2\/types\/post"}],"author":[{"embeddable":true,"href":"https:\/\/jugulajm.net\/index.php?rest_route=\/wp\/v2\/users\/5"}],"replies":[{"embeddable":true,"href":"https:\/\/jugulajm.net\/index.php?rest_route=%2Fwp%2Fv2%2Fcomments&post=96197"}],"version-history":[{"count":1,"href":"https:\/\/jugulajm.net\/index.php?rest_route=\/wp\/v2\/posts\/96197\/revisions"}],"predecessor-version":[{"id":96198,"href":"https:\/\/jugulajm.net\/index.php?rest_route=\/wp\/v2\/posts\/96197\/revisions\/96198"}],"wp:featuredmedia":[{"embeddable":true,"href":"https:\/\/jugulajm.net\/index.php?rest_route=\/wp\/v2\/media\/83713"}],"wp:attachment":[{"href":"https:\/\/jugulajm.net\/index.php?rest_route=%2Fwp%2Fv2%2Fmedia&parent=96197"}],"wp:term":[{"taxonomy":"category","embeddable":true,"href":"https:\/\/jugulajm.net\/index.php?rest_route=%2Fwp%2Fv2%2Fcategories&post=96197"},{"taxonomy":"post_tag","embeddable":true,"href":"https:\/\/jugulajm.net\/index.php?rest_route=%2Fwp%2Fv2%2Ftags&post=96197"}],"curies":[{"name":"wp","href":"https:\/\/api.w.org\/{rel}","templated":true}]}}