{"id":96193,"date":"2026-03-07T14:11:22","date_gmt":"2026-03-07T13:11:22","guid":{"rendered":"https:\/\/jugulajm.net\/?p=96193"},"modified":"2026-03-07T14:11:22","modified_gmt":"2026-03-07T13:11:22","slug":"gjyqi-gerdeci-mediu-ngjarja-u-perdor-per-interesa-politike-procesi-ndaj-meje-sajese","status":"publish","type":"post","link":"https:\/\/jugulajm.net\/?p=96193","title":{"rendered":"Gjyqi \u201cG\u00ebrdeci\u201d, Mediu: Ngjarja u p\u00ebrdor p\u00ebr interesa politike, procesi ndaj meje sajes\u00eb"},"content":{"rendered":"<p>Kreu i Partis\u00eb Republikane Fatmir Mediu k\u00ebt\u00eb t\u00eb shtun\u00eb ka zhvilluar nj\u00eb konferenc\u00eb p\u00ebr mediat lidhur me \u00e7\u00ebshtjen e G\u00ebrdecit. Gjat\u00eb fjal\u00ebs s\u00eb tij, Mediu u shpreh se asnj\u00eb prov\u00eb nuk e lidh at\u00eb me shp\u00ebrthimin e G\u00ebrdecit dhe se Prokuroria e SPAK-u e kan\u00eb hetuar at\u00eb dhe familjen e tij duke p\u00ebrfshir\u00eb \u00e7\u00ebshtje private dhe sh\u00ebndet\u00ebsore.<\/p>\n<p>Nd\u00ebr t\u00eb tjera, Mediu e ka cil\u00ebsuar procesin gjyq\u00ebsor ndaj tij si nj\u00eb sajes\u00eb politike. Ai theksoi se akuza ndaj tij nuk ka lidhje me shp\u00ebrthimin n\u00eb G\u00ebrdec, por lidhet me \u00e7\u00ebshtje ushtarake dhe jo me detyrat dhe funksionet e ministrit.<\/p>\n<p>\u201cProcesi ndaj meje, sajes\u00eb politike. Q\u00eb n\u00eb fillim t\u00eb ngjarjes kam dh\u00ebn\u00eb dor\u00ebheqjes dhe kam dor\u00ebzuar imunitetin p\u00ebr t\u2019i hapur rrug\u00eb drejt\u00ebsis\u00eb. SPAK dhe prokuroria m\u00eb kan\u00eb hetuar mua dhe familjar\u00ebt edhe p\u00ebr \u00e7\u00ebshtje private e sh\u00ebndet\u00ebsore, por vet\u00eb prokuroria ka provuar se nuk isha i p\u00ebrfshir\u00eb n\u00eb asnj\u00eb akt korrupsioni ndaj m\u00eb ka akuzuar p\u00ebr \u201cShp\u00ebrdorim detyre\u201d jo p\u00ebr korrupsion.<\/p>\n<p>Nuk ka asnj\u00eb lidhje apo transaksion i p\u00ebrfituar nga un\u00eb. Gjykata dhe prokuroria kan\u00eb marr\u00eb vendimin se akuza ndaj meje nuk ka asnj\u00eb lidhje me shp\u00ebrthimin n\u00eb G\u00ebrdec, por vet\u00ebm me \u00e7\u00ebshtje teknike ushtarake\u201d, tha ai.<\/p>\n","protected":false},"excerpt":{"rendered":"<p>Kreu i Partis\u00eb Republikane Fatmir Mediu k\u00ebt\u00eb t\u00eb shtun\u00eb ka zhvilluar nj\u00eb konferenc\u00eb p\u00ebr mediat lidhur me \u00e7\u00ebshtjen e G\u00ebrdecit. Gjat\u00eb fjal\u00ebs s\u00eb tij, Mediu u shpreh se asnj\u00eb prov\u00eb nuk e lidh at\u00eb me shp\u00ebrthimin e G\u00ebrdecit dhe se Prokuroria e SPAK-u e kan\u00eb hetuar at\u00eb dhe familjen e tij duke p\u00ebrfshir\u00eb \u00e7\u00ebshtje private [&hellip;]<\/p>\n","protected":false},"author":5,"featured_media":54930,"comment_status":"closed","ping_status":"closed","sticky":false,"template":"","format":"standard","meta":{"footnotes":""},"categories":[1,6326,6332],"tags":[40471,40472,40468,40469,40470,40473],"class_list":{"0":"post-96193","1":"post","2":"type-post","3":"status-publish","4":"format-standard","5":"has-post-thumbnail","7":"category-aktualitet","8":"category-politike","9":"category-te-fundit","10":"tag-fatmir-mediu","11":"tag-gerdeci","12":"tag-gjyqi-gerdeci","13":"tag-mediu-ngjarja-u-perdor-per-interesa-politike","14":"tag-procesi-ndaj-meje-sajese","15":"tag-viktimat"},"_links":{"self":[{"href":"https:\/\/jugulajm.net\/index.php?rest_route=\/wp\/v2\/posts\/96193","targetHints":{"allow":["GET"]}}],"collection":[{"href":"https:\/\/jugulajm.net\/index.php?rest_route=\/wp\/v2\/posts"}],"about":[{"href":"https:\/\/jugulajm.net\/index.php?rest_route=\/wp\/v2\/types\/post"}],"author":[{"embeddable":true,"href":"https:\/\/jugulajm.net\/index.php?rest_route=\/wp\/v2\/users\/5"}],"replies":[{"embeddable":true,"href":"https:\/\/jugulajm.net\/index.php?rest_route=%2Fwp%2Fv2%2Fcomments&post=96193"}],"version-history":[{"count":1,"href":"https:\/\/jugulajm.net\/index.php?rest_route=\/wp\/v2\/posts\/96193\/revisions"}],"predecessor-version":[{"id":96194,"href":"https:\/\/jugulajm.net\/index.php?rest_route=\/wp\/v2\/posts\/96193\/revisions\/96194"}],"wp:featuredmedia":[{"embeddable":true,"href":"https:\/\/jugulajm.net\/index.php?rest_route=\/wp\/v2\/media\/54930"}],"wp:attachment":[{"href":"https:\/\/jugulajm.net\/index.php?rest_route=%2Fwp%2Fv2%2Fmedia&parent=96193"}],"wp:term":[{"taxonomy":"category","embeddable":true,"href":"https:\/\/jugulajm.net\/index.php?rest_route=%2Fwp%2Fv2%2Fcategories&post=96193"},{"taxonomy":"post_tag","embeddable":true,"href":"https:\/\/jugulajm.net\/index.php?rest_route=%2Fwp%2Fv2%2Ftags&post=96193"}],"curies":[{"name":"wp","href":"https:\/\/api.w.org\/{rel}","templated":true}]}}