{"id":96129,"date":"2026-03-04T19:22:41","date_gmt":"2026-03-04T18:22:41","guid":{"rendered":"https:\/\/jugulajm.net\/?p=96129"},"modified":"2026-03-04T19:42:10","modified_gmt":"2026-03-04T18:42:10","slug":"lajm-i-fundit-nderron-jete-e-moshuara-e-azilit-te-pleqve-a-do-shkarkohet-zinxhiri-operues-e-drejtues-i-ketij-institucioni","status":"publish","type":"post","link":"https:\/\/jugulajm.net\/?p=96129","title":{"rendered":"Gjirokast\u00ebr\/Nd\u00ebrron jet\u00eb e moshuara e Azilit t\u00eb Pleqve, a do shkarkohet zinxhiri operues e drejtues i k\u00ebtij institucioni?"},"content":{"rendered":"<p>Nd\u00ebrron jet\u00eb e moshuara e Azilit t\u00eb Pleqve n\u00eb Gjirokast\u00ebr Sheqere Zeko 72 vje\u00e7e.<\/p>\n<p>Lajmin e ka konfirmuar Jugulajm.net p\u00ebrmes kanaleve t\u00eb komunikimit nga Spitali Memorial i Fierit, teksa e moshuara ka mb\u00ebrritur e pajet\u00eb n\u00eb pavionin e traum\u00ebs n\u00eb k\u00ebt\u00eb spital.<\/p>\n<p>Fraktura n\u00eb shpatull dhe n\u00eb k\u00ebmb\u00eb, kan\u00eb qen\u00eb plag\u00ebt q\u00eb ka marr\u00eb e ndjera n\u00eb momentin kur ra nga tarraca e Azilit t\u00eb Pleqve mesdit\u00ebn e sotme.<\/p>\n<p>Sheqere Zeko ishte duke soditur natyr\u00ebn n\u00eb tarrac\u00ebn e Azilit teksa u rr\u00ebzua nga nj\u00eb lart\u00ebsi prej 7 metrash, \u00e7ka i shkaktoi asaj d\u00ebmtime n\u00eb pjes\u00eb t\u00eb trupit, por q\u00eb kurr\u00ebsesi nuk ishin pretekst p\u00ebr humbjen e jet\u00ebs. Pasi \u00ebsht\u00eb \u00e7uar n\u00eb Spitalin e Gjirokastr\u00ebs me autoambulanc\u00eb, ajo i\u2019u n\u00ebnshtrua egzaminimeve t\u00eb zakonshme dhe gjendja e saj fillestare ishte e q\u00ebndrueshme dhe jasht\u00eb rrezikut p\u00ebr jet\u00ebn. Pas nj\u00eb ore, kondicioni fizik i saj u r\u00ebndua, \u00e7ka detyroi specialist\u00ebt q\u00eb t\u2019a p\u00ebrcillnin p\u00ebr nj\u00eb trajtim m\u00eb t\u00eb specializuar n\u00eb Spitalin Memorial t\u00eb Fierit. M\u00ebsohet se rrug\u00ebs ajo ka nd\u00ebrruar jet\u00eb.<\/p>\n<p>Tashm\u00eb \u00ebsht\u00eb koha q\u00eb t\u00eb identifikohen p\u00ebrgjegj\u00ebsit\u00eb p\u00ebr humbjen e jet\u00ebs s\u00eb nj\u00eb banoreje t\u00eb moshuar, q\u00eb trajtohej n\u00eb Sht\u00ebpin\u00eb e t\u00eb Moshuarve n\u00eb qytetin e Gjirokastr\u00ebs.<\/p>\n<p>Ndon\u00ebse sipas akt-konstaimit nga ana e grupit hetimor b\u00ebhej fjal\u00eb p\u00ebr nj\u00eb aksident, kjo nuk l\u00eb pa p\u00ebrgjegj\u00ebsi morale drejtuesen e k\u00ebtij institucioni.<\/p>\n<p>N\u00eb optik\u00ebn e zhvillimeve q\u00eb kan\u00eb ndodhur n\u00eb 24 or\u00ebt e fundit n\u00eb Gjirokast\u00ebr dhe ku aksidentalisht jan\u00eb sh\u00ebnuar dy incidente mjaft t\u00eb r\u00ebnda, ku nj\u00ebri me pasoj\u00eb dhe tjetri lufton me vdekjen n\u00eb Spitalin e Traum\u00ebs n\u00eb Tiran\u00eb, del imperative nd\u00ebrhyrja e Bashkis\u00eb s\u00eb Gjirokastr\u00ebs p\u00ebr t\u00eb vendosur standartet n\u00eb vendin e caktuar. Kjo p\u00ebrkthehet me marrjen e vendimeve q\u00eb rjedhin si t\u00eb domosdoshme nga pasojat q\u00eb krijoi vdekja e t\u00eb moshuar\u00ebs n\u00eb Azilin e Pleqve.<\/p>\n<p>Kryetari i Bashkis\u00eb, Flamur Golemi, m\u00eb e pakta do t\u2019i duhet q\u00eb t\u00eb shkarkoj\u00eb komplet zinxhirin operues dhe drejtues t\u00eb Sht\u00ebpis\u00eb s\u00eb t\u00eb Moshuarve, n\u00eb kushtet kur nj\u00eb banore e k\u00ebtij institucioni humbi jet\u00ebn, si pasoj\u00eb e mosveprimit n\u00eb koh\u00eb nga ana e kujdestareve dhe mos p\u00ebrkujdesjes, \u00e7ka \u00ebsht\u00eb me protokoll p\u00ebr raste t\u00eb tilla.<\/p>\n<p>N\u00eb t\u00eb tilla raste, kolltuku i nj\u00eb drejtori nuk peshon m\u00eb shum\u00eb sesa humbja e jet\u00ebs s\u00eb nj\u00eb t\u00eb pafajshmeje.<\/p>\n<p>N\u00eb munges\u00eb t\u00eb nj\u00eb reagimi zyrtar nga ana e kryebashkiakut Golemi p\u00ebr rastin e Azilit, at\u00ebher\u00eb kjo \u00ebsht\u00eb kosto p\u00ebr vet\u00eb Bashkin\u00eb.<\/p>\n","protected":false},"excerpt":{"rendered":"<p>Nd\u00ebrron jet\u00eb e moshuara e Azilit t\u00eb Pleqve n\u00eb Gjirokast\u00ebr Sheqere Zeko 72 vje\u00e7e. Lajmin e ka konfirmuar Jugulajm.net p\u00ebrmes kanaleve t\u00eb komunikimit nga Spitali Memorial i Fierit, teksa e moshuara ka mb\u00ebrritur e pajet\u00eb n\u00eb pavionin e traum\u00ebs n\u00eb k\u00ebt\u00eb spital. Fraktura n\u00eb shpatull dhe n\u00eb k\u00ebmb\u00eb, kan\u00eb qen\u00eb plag\u00ebt q\u00eb ka marr\u00eb e [&hellip;]<\/p>\n","protected":false},"author":5,"featured_media":96130,"comment_status":"closed","ping_status":"closed","sticky":false,"template":"","format":"standard","meta":{"footnotes":""},"categories":[1,6332,29228],"tags":[20323,11336,20321],"class_list":{"0":"post-96129","1":"post","2":"type-post","3":"status-publish","4":"format-standard","5":"has-post-thumbnail","7":"category-aktualitet","8":"category-te-fundit","9":"category-vendi","10":"tag-gjirokaster","11":"tag-azili","12":"tag-golemi"},"_links":{"self":[{"href":"https:\/\/jugulajm.net\/index.php?rest_route=\/wp\/v2\/posts\/96129","targetHints":{"allow":["GET"]}}],"collection":[{"href":"https:\/\/jugulajm.net\/index.php?rest_route=\/wp\/v2\/posts"}],"about":[{"href":"https:\/\/jugulajm.net\/index.php?rest_route=\/wp\/v2\/types\/post"}],"author":[{"embeddable":true,"href":"https:\/\/jugulajm.net\/index.php?rest_route=\/wp\/v2\/users\/5"}],"replies":[{"embeddable":true,"href":"https:\/\/jugulajm.net\/index.php?rest_route=%2Fwp%2Fv2%2Fcomments&post=96129"}],"version-history":[{"count":3,"href":"https:\/\/jugulajm.net\/index.php?rest_route=\/wp\/v2\/posts\/96129\/revisions"}],"predecessor-version":[{"id":96133,"href":"https:\/\/jugulajm.net\/index.php?rest_route=\/wp\/v2\/posts\/96129\/revisions\/96133"}],"wp:featuredmedia":[{"embeddable":true,"href":"https:\/\/jugulajm.net\/index.php?rest_route=\/wp\/v2\/media\/96130"}],"wp:attachment":[{"href":"https:\/\/jugulajm.net\/index.php?rest_route=%2Fwp%2Fv2%2Fmedia&parent=96129"}],"wp:term":[{"taxonomy":"category","embeddable":true,"href":"https:\/\/jugulajm.net\/index.php?rest_route=%2Fwp%2Fv2%2Fcategories&post=96129"},{"taxonomy":"post_tag","embeddable":true,"href":"https:\/\/jugulajm.net\/index.php?rest_route=%2Fwp%2Fv2%2Ftags&post=96129"}],"curies":[{"name":"wp","href":"https:\/\/api.w.org\/{rel}","templated":true}]}}