{"id":96078,"date":"2026-03-03T13:04:56","date_gmt":"2026-03-03T12:04:56","guid":{"rendered":"https:\/\/jugulajm.net\/?p=96078"},"modified":"2026-03-03T13:05:52","modified_gmt":"2026-03-03T12:05:52","slug":"emri-foto-itali-humb-jeten-25-vjecari-shqiptar-makina-perplaset-me-kamionin-e-fruta-perimeve","status":"publish","type":"post","link":"https:\/\/jugulajm.net\/?p=96078","title":{"rendered":"EMRI-FOTO\/ Itali, humb jet\u00ebn 25-vje\u00e7ari shqiptar, makina u p\u00ebrplas me kamionin e fruta-perimeve"},"content":{"rendered":"<p>Nj\u00eb ngjarje e r\u00ebnd\u00eb ka ndodhur n\u00eb Si\u00e7ili t\u00eb Italis\u00eb, ku nj\u00eb 25-vje\u00e7ar shqiptar humbi jet\u00ebn tragjikisht n\u00eb aksident rrugor, kurse t\u00eb plagosur mbet\u00ebn edhe disa t\u00eb rinj bashk\u00ebatdhetar\u00eb t\u00eb tij.<\/p>\n<p>Viktima \u00ebsht\u00eb identifikuar si Flori Topalli, i cili udh\u00ebtonte s\u00eb bashku me disa bashk\u00ebkombas t\u00eb tij n\u00eb makin\u00ebn q\u00eb u p\u00ebrplas me kamionin, p\u00ebr arsye q\u00eb aktualisht po hetohen.<\/p>\n<p>Kamioni i ngarkuar me fruta e perime udh\u00ebtonte n\u00eb drejtim t\u00eb Canicatt\u00ec, drejtuesi i t\u00eb cilit gjithashtu m\u00ebsohet se ka marr\u00eb d\u00ebmtime, por jo serioze.<\/p>\n<p><a href=\"https:\/\/www.panorama.com.al\/wp-content\/uploads\/2026\/03\/flori-topalli.jpg\"><img loading=\"lazy\" loading=\"lazy\" decoding=\"async\" class=\"alignnone size-full wp-image-1629479\" src=\"https:\/\/www.panorama.com.al\/wp-content\/uploads\/2026\/03\/flori-topalli.jpg\" alt=\"flori topalli\" width=\"565\" height=\"352\" \/><\/a><\/p>\n<p>Ngjarja ndodhi dy dit\u00eb m\u00eb par\u00eb n\u00eb rrug\u00ebn shtet\u00ebrore 410 \u201cDi Naro\u201d n\u00eb Naro, n\u00eb km 14. N\u00eb aksident jan\u00eb p\u00ebrfshir\u00eb nj\u00eb makin\u00eb dhe nj\u00eb automjet i r\u00ebnd\u00eb kamion q\u00eb transportonte fruta-perime. Bilanci ishte nj\u00eb i vdekur dhe 6 t\u00eb plagosur.<\/p>\n<p>Rruga u mbyll p\u00ebrkoh\u00ebsisht. Personeli i \u201cAnas\u201d dhe forcat e rendit iu p\u00ebrgjigj\u00ebn vendit t\u00eb ngjarjes p\u00ebr t\u00eb menaxhuar trafikun dhe p\u00ebr t\u00eb rivendosur sigurin\u00eb sa m\u00eb shpejt t\u00eb ishte e mundur.<\/p>\n<div>\n<div id=\"beacon_0435ee46a0\">T\u00eb plagosurit u transportuan n\u00eb spitalet n\u00eb Canicatt\u00ec, Licata dhe Agrigento. Asnj\u00ebri prej tyre nuk \u00ebsht\u00eb n\u00eb rrezik p\u00ebr jet\u00ebn. Shumica e tyre q\u00eb mor\u00ebn l\u00ebndime raportohet se jan\u00eb shqiptar\u00eb, informon <a href=\"https:\/\/www.lasicilia.it\/news\/cronaca\/3020461\/scontro-fatale-sulla-statale-410-un-morto-e-sei-feriti-nell-impatto-tra-auto-e-camion-di-frutta.html\">media\u00a0<\/a>italiane.<\/div>\n<p><a href=\"https:\/\/www.panorama.com.al\/wp-content\/uploads\/2026\/03\/kamioni-itali.jpg\"><img loading=\"lazy\" loading=\"lazy\" decoding=\"async\" class=\"alignnone size-full wp-image-1629481\" src=\"https:\/\/www.panorama.com.al\/wp-content\/uploads\/2026\/03\/kamioni-itali.jpg\" alt=\"kamioni itali\" width=\"502\" height=\"290\" \/><\/a><\/p>\n<\/div>\n<p>Prokuroria Publike e Agrigentos ka hapur nj\u00eb hetim p\u00ebr t\u00eb p\u00ebrcaktuar dinamik\u00ebn e sakt\u00eb t\u00eb aksidentit dhe \u00e7do p\u00ebrgjegj\u00ebsi, pasi deri tani nuk ka nj\u00eb arsye zyrtare p\u00ebr aksidentin.<\/p>\n<p>Pas aksidentit tragjik t\u00eb ndodhur m\u00ebngjesin e s\u00eb h\u00ebn\u00ebs n\u00eb Itali, ku humbi jet\u00ebn 24-vje\u00e7ari shqiptar Flori Topalli, familja e tij ka hapur nj\u00eb faqe n\u00eb \u201cGoFundMe\u201d p\u00ebr t\u00eb k\u00ebrkuar ndihm\u00eb financiare me q\u00ebllim kthimin e trupit n\u00eb Shqip\u00ebri.<\/p>\n<p>Mes dhimbjes s\u00eb madhe dhe pamund\u00ebsive ekonomike, familjar\u00ebt po k\u00ebrkojn\u00eb mb\u00ebshtetjen e bashk\u00ebkombasve p\u00ebr t\u00eb p\u00ebrballuar shpenzimet e transportit t\u00eb trupit drejt atdheut.<\/p>\n<p>N\u00eb apelin e publikuar n\u00eb GoFundMe, motra e tij, Kesmentina Topalli, shkruan:<\/p>\n<p><em>\u201cMe dhimbje t\u00eb thell\u00eb n\u00eb zem\u00ebr dhe n\u00eb pamund\u00ebsi ekonomike p\u00ebr t\u00eb sjell\u00eb trupin e v\u00ebllait ton\u00eb t\u00eb dashur pran\u00eb familjes, ju drejtohemi me p\u00ebrul\u00ebsi p\u00ebr ndihm\u00eb, sado t\u00eb vog\u00ebl, q\u00eb ai t\u00eb prehet pran\u00eb sht\u00ebpis\u00eb dhe njer\u00ebzve t\u00eb tij. \u00c7do kontribut \u00ebsht\u00eb nj\u00eb mb\u00ebshtetje e madhe p\u00ebr familjen ton\u00eb n\u00eb k\u00ebt\u00eb moment t\u00eb v\u00ebshtir\u00eb.\u201d<\/em><\/p>\n<p><a href=\"https:\/\/www.panorama.com.al\/wp-content\/uploads\/2026\/03\/motra-e-Topallit.jpg\"><img loading=\"lazy\" loading=\"lazy\" decoding=\"async\" class=\"alignnone size-full wp-image-1629488\" src=\"https:\/\/www.panorama.com.al\/wp-content\/uploads\/2026\/03\/motra-e-Topallit.jpg\" alt=\"motra e Topallit\" width=\"756\" height=\"586\" \/><\/a><\/p>\n<p>Familja thekson se \u00e7do ndihm\u00eb, pavar\u00ebsisht shum\u00ebs, do t\u00eb sh\u00ebrbej\u00eb p\u00ebr t\u00eb realizuar d\u00ebshir\u00ebn q\u00eb i riu t\u00eb prehet pran\u00eb t\u00eb af\u00ebrmve t\u00eb tij n\u00eb Shqip\u00ebri.<\/p>\n<p><em>\u201cT\u00eb gjith\u00eb ata q\u00eb d\u00ebshirojn\u00eb t\u00eb kontribuojn\u00eb mund ta b\u00ebjn\u00eb p\u00ebrmes platform\u00ebs GoFundMe, e hapur nga familjar\u00ebt\u201d, theksohet aty.<\/em><\/p>\n","protected":false},"excerpt":{"rendered":"<p>Nj\u00eb ngjarje e r\u00ebnd\u00eb ka ndodhur n\u00eb Si\u00e7ili t\u00eb Italis\u00eb, ku nj\u00eb 25-vje\u00e7ar shqiptar humbi jet\u00ebn tragjikisht n\u00eb aksident rrugor, kurse t\u00eb plagosur mbet\u00ebn edhe disa t\u00eb rinj bashk\u00ebatdhetar\u00eb t\u00eb tij. Viktima \u00ebsht\u00eb identifikuar si Flori Topalli, i cili udh\u00ebtonte s\u00eb bashku me disa bashk\u00ebkombas t\u00eb tij n\u00eb makin\u00ebn q\u00eb u p\u00ebrplas me kamionin, p\u00ebr [&hellip;]<\/p>\n","protected":false},"author":5,"featured_media":96079,"comment_status":"closed","ping_status":"closed","sticky":false,"template":"","format":"standard","meta":{"footnotes":""},"categories":[1,7664,6332],"tags":[40416,26133,40417],"class_list":{"0":"post-96078","1":"post","2":"type-post","3":"status-publish","4":"format-standard","5":"has-post-thumbnail","7":"category-aktualitet","8":"category-bota","9":"category-te-fundit","10":"tag-humb-jeten-25-vjecari-shqiptar","11":"tag-itali","12":"tag-makina-perplaset-me-kamionin-e-fruta-perimeve"},"_links":{"self":[{"href":"https:\/\/jugulajm.net\/index.php?rest_route=\/wp\/v2\/posts\/96078","targetHints":{"allow":["GET"]}}],"collection":[{"href":"https:\/\/jugulajm.net\/index.php?rest_route=\/wp\/v2\/posts"}],"about":[{"href":"https:\/\/jugulajm.net\/index.php?rest_route=\/wp\/v2\/types\/post"}],"author":[{"embeddable":true,"href":"https:\/\/jugulajm.net\/index.php?rest_route=\/wp\/v2\/users\/5"}],"replies":[{"embeddable":true,"href":"https:\/\/jugulajm.net\/index.php?rest_route=%2Fwp%2Fv2%2Fcomments&post=96078"}],"version-history":[{"count":3,"href":"https:\/\/jugulajm.net\/index.php?rest_route=\/wp\/v2\/posts\/96078\/revisions"}],"predecessor-version":[{"id":96082,"href":"https:\/\/jugulajm.net\/index.php?rest_route=\/wp\/v2\/posts\/96078\/revisions\/96082"}],"wp:featuredmedia":[{"embeddable":true,"href":"https:\/\/jugulajm.net\/index.php?rest_route=\/wp\/v2\/media\/96079"}],"wp:attachment":[{"href":"https:\/\/jugulajm.net\/index.php?rest_route=%2Fwp%2Fv2%2Fmedia&parent=96078"}],"wp:term":[{"taxonomy":"category","embeddable":true,"href":"https:\/\/jugulajm.net\/index.php?rest_route=%2Fwp%2Fv2%2Fcategories&post=96078"},{"taxonomy":"post_tag","embeddable":true,"href":"https:\/\/jugulajm.net\/index.php?rest_route=%2Fwp%2Fv2%2Ftags&post=96078"}],"curies":[{"name":"wp","href":"https:\/\/api.w.org\/{rel}","templated":true}]}}