{"id":96075,"date":"2026-03-03T12:16:24","date_gmt":"2026-03-03T11:16:24","guid":{"rendered":"https:\/\/jugulajm.net\/?p=96075"},"modified":"2026-03-03T12:16:24","modified_gmt":"2026-03-03T11:16:24","slug":"rinis-qarkullimi-i-mjeteve-ne-librazhd-hapet-rruga-provizore-per-korce-tirane","status":"publish","type":"post","link":"https:\/\/jugulajm.net\/?p=96075","title":{"rendered":"Rinis qarkullimi i mjeteve n\u00eb Librazhd, hapet rruga provizore p\u00ebr Kor\u00e7\u00eb-Tiran\u00eb"},"content":{"rendered":"<p>N\u00eb or\u00ebn 11:38 u rihap zyrtarisht qarkullimi i automjeteve n\u00eb segmentin e prekur n\u00eb zon\u00ebn e Dragostunj\u00ebs, duke i dh\u00ebn\u00eb fund bllokimit t\u00eb p\u00ebrkohsh\u00ebm q\u00eb kishte krijuar v\u00ebshtir\u00ebsi p\u00ebr qindra drejtues mjetesh.<\/p>\n<div class=\"jeg_ad jeg_ad_article jnews_content_inline_ads  \">\n<div class=\"ads-wrapper align-center \">\n<div class=\"ads_code\">Segmenti, pjes\u00eb e aksit komb\u00ebtar Librazhd\u2013Prrenjas, ishte b\u00ebr\u00eb i pakaluesh\u00ebm pas d\u00ebmtimeve q\u00eb ndodh\u00ebn n\u00eb zon\u00ebn e njohur si \u201cArrat e Gurr\u00ebs\u201d. Pas nd\u00ebrhyrjeve intensive n\u00eb terren dhe verifikimit t\u00eb kushteve t\u00eb siguris\u00eb, autoritetet njoftuan rifillimin e qarkullimit.<\/div>\n<\/div>\n<\/div>\n<div class=\"jeg_ad jeg_ad_article jnews_content_inline_2_ads  \">\n<div class=\"ads-wrapper align-center \">\n<div><\/div>\n<div class=\"ads_code\">Rihapja e k\u00ebtij aksi rikthen funksionalitetin e plot\u00eb n\u00eb nj\u00eb prej arterieve kryesore rrugore t\u00eb vendit, q\u00eb lidh Tiran\u00ebn me juglindjen dhe me vendet fqinje, duke normalizuar trafikun dhe duke leht\u00ebsuar qarkullimin e mallrave.<\/div>\n<\/div>\n<\/div>\n","protected":false},"excerpt":{"rendered":"<p>N\u00eb or\u00ebn 11:38 u rihap zyrtarisht qarkullimi i automjeteve n\u00eb segmentin e prekur n\u00eb zon\u00ebn e Dragostunj\u00ebs, duke i dh\u00ebn\u00eb fund bllokimit t\u00eb p\u00ebrkohsh\u00ebm q\u00eb kishte krijuar v\u00ebshtir\u00ebsi p\u00ebr qindra drejtues mjetesh. Segmenti, pjes\u00eb e aksit komb\u00ebtar Librazhd\u2013Prrenjas, ishte b\u00ebr\u00eb i pakaluesh\u00ebm pas d\u00ebmtimeve q\u00eb ndodh\u00ebn n\u00eb zon\u00ebn e njohur si \u201cArrat e Gurr\u00ebs\u201d. Pas [&hellip;]<\/p>\n","protected":false},"author":5,"featured_media":96076,"comment_status":"closed","ping_status":"closed","sticky":false,"template":"","format":"standard","meta":{"footnotes":""},"categories":[1,6332],"tags":[40415,40414],"class_list":{"0":"post-96075","1":"post","2":"type-post","3":"status-publish","4":"format-standard","5":"has-post-thumbnail","7":"category-aktualitet","8":"category-te-fundit","9":"tag-hapet-rruga-provizore-per-korce-tirane","10":"tag-rinis-qarkullimi-i-mjeteve-ne-librazhd"},"_links":{"self":[{"href":"https:\/\/jugulajm.net\/index.php?rest_route=\/wp\/v2\/posts\/96075","targetHints":{"allow":["GET"]}}],"collection":[{"href":"https:\/\/jugulajm.net\/index.php?rest_route=\/wp\/v2\/posts"}],"about":[{"href":"https:\/\/jugulajm.net\/index.php?rest_route=\/wp\/v2\/types\/post"}],"author":[{"embeddable":true,"href":"https:\/\/jugulajm.net\/index.php?rest_route=\/wp\/v2\/users\/5"}],"replies":[{"embeddable":true,"href":"https:\/\/jugulajm.net\/index.php?rest_route=%2Fwp%2Fv2%2Fcomments&post=96075"}],"version-history":[{"count":1,"href":"https:\/\/jugulajm.net\/index.php?rest_route=\/wp\/v2\/posts\/96075\/revisions"}],"predecessor-version":[{"id":96077,"href":"https:\/\/jugulajm.net\/index.php?rest_route=\/wp\/v2\/posts\/96075\/revisions\/96077"}],"wp:featuredmedia":[{"embeddable":true,"href":"https:\/\/jugulajm.net\/index.php?rest_route=\/wp\/v2\/media\/96076"}],"wp:attachment":[{"href":"https:\/\/jugulajm.net\/index.php?rest_route=%2Fwp%2Fv2%2Fmedia&parent=96075"}],"wp:term":[{"taxonomy":"category","embeddable":true,"href":"https:\/\/jugulajm.net\/index.php?rest_route=%2Fwp%2Fv2%2Fcategories&post=96075"},{"taxonomy":"post_tag","embeddable":true,"href":"https:\/\/jugulajm.net\/index.php?rest_route=%2Fwp%2Fv2%2Ftags&post=96075"}],"curies":[{"name":"wp","href":"https:\/\/api.w.org\/{rel}","templated":true}]}}