{"id":95228,"date":"2026-01-31T15:51:38","date_gmt":"2026-01-31T14:51:38","guid":{"rendered":"https:\/\/jugulajm.net\/?p=95228"},"modified":"2026-01-31T15:51:38","modified_gmt":"2026-01-31T14:51:38","slug":"berisha-premton-protesta-te-forta-ne-kryeqytet-kunder-kryeministrit-edi-rama-do-ia-bejme-tiranen-ferr","status":"publish","type":"post","link":"https:\/\/jugulajm.net\/?p=95228","title":{"rendered":"Berisha premton protesta t\u00eb forta n\u00eb kryeqytet kund\u00ebr kryeministrit Edi Rama: Do ia b\u00ebjm\u00eb Tiran\u00ebn ferr&#8230;"},"content":{"rendered":"<p>Me 10 shkurt Sali Berisha i ka ftuar t\u00eb protestojn\u00eb kund\u00ebr Edi Rames, por demokratet jan\u00eb lodhur me xhiro ne bulevard dhe i k\u00ebrkojn\u00eb q\u00eb t\u00eb q\u00ebndroj\u00eb n\u00eb shesh.<\/p>\n<p>\u201cKjo \u00ebsht\u00eb nj\u00eb k\u00ebrkes\u00eb jasht\u00ebzakonisht e drejt\u00eb por kjo k\u00ebrkon nga secili nga ne q\u00eb t\u00eb bindim gjithnj\u00eb e m\u00eb shum\u00eb qytetar\u00eb se q\u00ebndrimi n\u00eb shesh p\u00ebr aq koh\u00eb sa ta largojm\u00eb regjimin \u00ebsht\u00eb rruga m\u00eb e sigurt e fitores ton\u00eb\u201d,\u00a0u shpreh Berisha.<\/p>\n<p>Skenari i protest\u00ebs\u00a0 mbetet i njejt\u00eb. Demokratet do stacionohen posht\u00eb zyr\u00ebs s\u00eb Edi Ram\u00ebs n\u00eb Kryeministri. Zhvendosja n\u00eb Surrel nuk \u00ebsht\u00eb n\u00eb planet e doktorit, nd\u00ebrsa\u00a0 greva e deputet\u00ebve mbetet s\u00ebrish opsion.<\/p>\n<p>Do ia b\u00ebjm\u00eb ferr Tiran\u00ebn. PD n\u00eb plan gjitha format e mosbindjes civile dhe \u00ebsht\u00eb n\u00eb zbatimin e tyre\u201d,tha Berisha.<\/p>\n<div class=\"insertion-box\">\n<div id=\"gpt-passback-2\" data-google-query-id=\"CISaxemCtpIDFZ8kBgAd6EMUWg\">\n<p>K\u00ebrkon te bashkohen n\u00eb nj\u00eb front opozitar kund\u00ebr Edi Ram\u00ebs edhe me partit\u00eb e reja q\u00eb nuk i ka n\u00eb krah. Por, Agron Shehaj refuzon bashkimin me Sali Berish\u00ebn.<\/p>\n<p>\u201cPyesni Agron Shehajn q\u00eb krahason PD me PS. Nuk \u00ebsht\u00eb bashk\u00ebqeverisje por bashkim p\u00ebr largimin e t\u00eb keqes\u201d, tha kryedemokrati Berisha.<\/p>\n<\/div>\n<\/div>\n","protected":false},"excerpt":{"rendered":"<p>Me 10 shkurt Sali Berisha i ka ftuar t\u00eb protestojn\u00eb kund\u00ebr Edi Rames, por demokratet jan\u00eb lodhur me xhiro ne bulevard dhe i k\u00ebrkojn\u00eb q\u00eb t\u00eb q\u00ebndroj\u00eb n\u00eb shesh. \u201cKjo \u00ebsht\u00eb nj\u00eb k\u00ebrkes\u00eb jasht\u00ebzakonisht e drejt\u00eb por kjo k\u00ebrkon nga secili nga ne q\u00eb t\u00eb bindim gjithnj\u00eb e m\u00eb shum\u00eb qytetar\u00eb se q\u00ebndrimi n\u00eb shesh [&hellip;]<\/p>\n","protected":false},"author":5,"featured_media":43191,"comment_status":"closed","ping_status":"closed","sticky":false,"template":"","format":"standard","meta":{"footnotes":""},"categories":[1,6326,6332,29228],"tags":[39957],"class_list":{"0":"post-95228","1":"post","2":"type-post","3":"status-publish","4":"format-standard","5":"has-post-thumbnail","7":"category-aktualitet","8":"category-politike","9":"category-te-fundit","10":"category-vendi","11":"tag-berisha-premton-protesta-te-forta-ne-kryeqytet-kunder-kryeministrit-edi-rama-do-ia-bejme-tiranen-ferr"},"_links":{"self":[{"href":"https:\/\/jugulajm.net\/index.php?rest_route=\/wp\/v2\/posts\/95228","targetHints":{"allow":["GET"]}}],"collection":[{"href":"https:\/\/jugulajm.net\/index.php?rest_route=\/wp\/v2\/posts"}],"about":[{"href":"https:\/\/jugulajm.net\/index.php?rest_route=\/wp\/v2\/types\/post"}],"author":[{"embeddable":true,"href":"https:\/\/jugulajm.net\/index.php?rest_route=\/wp\/v2\/users\/5"}],"replies":[{"embeddable":true,"href":"https:\/\/jugulajm.net\/index.php?rest_route=%2Fwp%2Fv2%2Fcomments&post=95228"}],"version-history":[{"count":1,"href":"https:\/\/jugulajm.net\/index.php?rest_route=\/wp\/v2\/posts\/95228\/revisions"}],"predecessor-version":[{"id":95229,"href":"https:\/\/jugulajm.net\/index.php?rest_route=\/wp\/v2\/posts\/95228\/revisions\/95229"}],"wp:featuredmedia":[{"embeddable":true,"href":"https:\/\/jugulajm.net\/index.php?rest_route=\/wp\/v2\/media\/43191"}],"wp:attachment":[{"href":"https:\/\/jugulajm.net\/index.php?rest_route=%2Fwp%2Fv2%2Fmedia&parent=95228"}],"wp:term":[{"taxonomy":"category","embeddable":true,"href":"https:\/\/jugulajm.net\/index.php?rest_route=%2Fwp%2Fv2%2Fcategories&post=95228"},{"taxonomy":"post_tag","embeddable":true,"href":"https:\/\/jugulajm.net\/index.php?rest_route=%2Fwp%2Fv2%2Ftags&post=95228"}],"curies":[{"name":"wp","href":"https:\/\/api.w.org\/{rel}","templated":true}]}}