{"id":95222,"date":"2026-01-31T13:45:07","date_gmt":"2026-01-31T12:45:07","guid":{"rendered":"https:\/\/jugulajm.net\/?p=95222"},"modified":"2026-01-31T13:45:07","modified_gmt":"2026-01-31T12:45:07","slug":"foto-kamioni-perplaset-me-shtyllen-dhe-permbyset-3-te-plagosur","status":"publish","type":"post","link":"https:\/\/jugulajm.net\/?p=95222","title":{"rendered":"FOTO\/ Kamioni p\u00ebrplaset me shtyll\u00ebn dhe p\u00ebrmbyset, 3 t\u00eb plagosur"},"content":{"rendered":"<p>Nj\u00eb aksident me pasoj\u00eb plagosjen e 3 persona ka ndodhur mesdit\u00ebn e s\u00eb shtun\u00eb n\u00eb Palas\u00eb.<\/p>\n<p>Nj\u00eb automjet i tonazhit t\u00eb r\u00ebnd\u00eb \u00ebsht\u00eb p\u00ebrmbysur n\u00eb rrug\u00eb.<\/p>\n<p>N\u00eb momentin e aksidentit n\u00eb brend\u00ebsi t\u00eb automjetit kan\u00eb qen\u00eb tre persona.<\/p>\n<p>Nga informacionet e para m\u00ebsohet se nj\u00eb prej personave \u00ebsht\u00eb d\u00ebrguar me urgjenc\u00eb drejt spitalit rajonal t\u00eb Vlor\u00ebs, nd\u00ebrsa dy t\u00eb tjer\u00ebt kan\u00eb p\u00ebsuar d\u00ebmtime m\u00eb t\u00eb lehta.<\/p>\n","protected":false},"excerpt":{"rendered":"<p>Nj\u00eb aksident me pasoj\u00eb plagosjen e 3 persona ka ndodhur mesdit\u00ebn e s\u00eb shtun\u00eb n\u00eb Palas\u00eb. Nj\u00eb automjet i tonazhit t\u00eb r\u00ebnd\u00eb \u00ebsht\u00eb p\u00ebrmbysur n\u00eb rrug\u00eb. N\u00eb momentin e aksidentit n\u00eb brend\u00ebsi t\u00eb automjetit kan\u00eb qen\u00eb tre persona. Nga informacionet e para m\u00ebsohet se nj\u00eb prej personave \u00ebsht\u00eb d\u00ebrguar me urgjenc\u00eb drejt spitalit rajonal t\u00eb [&hellip;]<\/p>\n","protected":false},"author":5,"featured_media":95223,"comment_status":"closed","ping_status":"closed","sticky":false,"template":"","format":"standard","meta":{"footnotes":""},"categories":[1,6332],"tags":[13549,39955],"class_list":{"0":"post-95222","1":"post","2":"type-post","3":"status-publish","4":"format-standard","5":"has-post-thumbnail","7":"category-aktualitet","8":"category-te-fundit","9":"tag-3-te-plagosur","10":"tag-foto-kamioni-perplaset-me-shtyllen-dhe-permbyset"},"_links":{"self":[{"href":"https:\/\/jugulajm.net\/index.php?rest_route=\/wp\/v2\/posts\/95222","targetHints":{"allow":["GET"]}}],"collection":[{"href":"https:\/\/jugulajm.net\/index.php?rest_route=\/wp\/v2\/posts"}],"about":[{"href":"https:\/\/jugulajm.net\/index.php?rest_route=\/wp\/v2\/types\/post"}],"author":[{"embeddable":true,"href":"https:\/\/jugulajm.net\/index.php?rest_route=\/wp\/v2\/users\/5"}],"replies":[{"embeddable":true,"href":"https:\/\/jugulajm.net\/index.php?rest_route=%2Fwp%2Fv2%2Fcomments&post=95222"}],"version-history":[{"count":1,"href":"https:\/\/jugulajm.net\/index.php?rest_route=\/wp\/v2\/posts\/95222\/revisions"}],"predecessor-version":[{"id":95224,"href":"https:\/\/jugulajm.net\/index.php?rest_route=\/wp\/v2\/posts\/95222\/revisions\/95224"}],"wp:featuredmedia":[{"embeddable":true,"href":"https:\/\/jugulajm.net\/index.php?rest_route=\/wp\/v2\/media\/95223"}],"wp:attachment":[{"href":"https:\/\/jugulajm.net\/index.php?rest_route=%2Fwp%2Fv2%2Fmedia&parent=95222"}],"wp:term":[{"taxonomy":"category","embeddable":true,"href":"https:\/\/jugulajm.net\/index.php?rest_route=%2Fwp%2Fv2%2Fcategories&post=95222"},{"taxonomy":"post_tag","embeddable":true,"href":"https:\/\/jugulajm.net\/index.php?rest_route=%2Fwp%2Fv2%2Ftags&post=95222"}],"curies":[{"name":"wp","href":"https:\/\/api.w.org\/{rel}","templated":true}]}}