{"id":95197,"date":"2026-01-30T13:29:13","date_gmt":"2026-01-30T12:29:13","guid":{"rendered":"https:\/\/jugulajm.net\/?p=95197"},"modified":"2026-01-30T13:29:13","modified_gmt":"2026-01-30T12:29:13","slug":"arrestohet-58-vjecari-plagosi-me-thike-djalin-e-tij","status":"publish","type":"post","link":"https:\/\/jugulajm.net\/?p=95197","title":{"rendered":"Arrestohet 58-vje\u00e7ari, plagosi me thik\u00eb djalin e tij"},"content":{"rendered":"<p>Nj\u00eb ngjarje e r\u00ebnd\u00eb ka ndodhur mbr\u00ebmjen e djeshme rreth or\u00ebs 23:00, ku babai ka plagosur me thik\u00eb djalin e tij.<\/p>\n<p>Sipas njoftimit t\u00eb policis\u00eb, ngjarja ka ndodhur n\u00eb fshatin Ostren t\u00eb Bulqiz\u00ebs. Dyshohet se pas nj\u00eb konflikti t\u00eb \u00e7astit p\u00ebr motive t\u00eb dob\u00ebta, shtetasi B.N., 58 vje\u00e7, brenda banes\u00ebs s\u00eb tij, ka plagosur me mjet prer\u00ebs, thik\u00eb, djalin e tij, shtetasin K.N., 29 vje\u00e7.<\/p>\n<p>Policia e Bulqiz\u00ebs ka nd\u00ebrhyr\u00eb menj\u00ebher\u00eb, duke ndaluar dhe arrestuar autorin e dyshuar. Gjithashtu, \u00ebsht\u00eb sekuestruar mjeti prer\u00ebs i p\u00ebrdorur n\u00eb ngjarje.<\/p>\n<p>I plagosuri ndodhet aktualisht n\u00eb spital, n\u00ebn kujdesin e mjek\u00ebve, dhe jasht\u00eb rrezikut p\u00ebr jet\u00ebn.<\/p>\n<p><strong>Njoftimi i Policis\u00eb:<\/strong><\/p>\n<p><em>Plagosi me mjet prer\u00ebs (thik\u00eb) djalin e tij, fal\u00eb reagimit dhe nd\u00ebrhyrjes n\u00eb koh\u00eb t\u00eb sh\u00ebrbimeve t\u00eb Komisariatit t\u00eb Policis\u00eb Bulqiz\u00eb, parandalohet p\u00ebrshkall\u00ebzimi i m\u00ebtejsh\u00ebm i ngjarjes.<\/em><\/p>\n<p><em>Arrestohet autori dhe sekuestrohet mjeti prer\u00ebs (thik\u00eb). Rreth or\u00ebs 23:00, t\u00eb dat\u00ebs 29 janar 2026, n\u00eb fshatin Ostren, dyshohet se pas nj\u00eb konflikti t\u00eb \u00e7astit, p\u00ebr motive t\u00eb dob\u00ebta, shtetasi B.N., 58 vje\u00e7, brenda banes\u00ebs, ka plagosur me mjet prer\u00ebs (thik\u00eb) djalin e tij, shtetasin K.N., 29 vje\u00e7.<\/em><\/p>\n<p><em>Menj\u00ebher\u00eb pas marrjes s\u00eb njoftimit, sh\u00ebrbimet e Komisariatit t\u00eb Policis\u00eb Bulqiz\u00eb kan\u00eb shkuar n\u00eb vendngjarje, ku fal\u00eb reagimit dhe nd\u00ebrhyrjes s\u00eb menj\u00ebhershme kan\u00eb parandaluar p\u00ebrshkall\u00ebzimin e m\u00ebtejsh\u00ebm t\u00eb konfliktit, si dhe kan\u00eb kapur dhe arrestuar autorin e dyshuar t\u00eb ngjarjes, shtetasin B.N., 58 vje\u00e7. Gjithashtu, \u00ebsht\u00eb sekuestruar mjeti prer\u00ebs (thik\u00eb) i p\u00ebrdorur nga autori.<\/em><\/p>\n<p><em>29-vje\u00e7ari i d\u00ebmtuar ndodhet n\u00eb spital, n\u00ebn kujdesin e mjek\u00ebve, jasht\u00eb rrezikut p\u00ebr jet\u00ebn.<\/em><\/p>\n<p><em>Materialet procedurale do t\u2019i kalojn\u00eb Prokuroris\u00eb pran\u00eb Gjykat\u00ebs s\u00eb Shkall\u00ebs s\u00eb Par\u00eb t\u00eb Juridiksionit t\u00eb P\u00ebrgjithsh\u00ebm Dib\u00ebr, p\u00ebr veprime t\u00eb m\u00ebtejshme.<\/em><\/p>\n","protected":false},"excerpt":{"rendered":"<p>Nj\u00eb ngjarje e r\u00ebnd\u00eb ka ndodhur mbr\u00ebmjen e djeshme rreth or\u00ebs 23:00, ku babai ka plagosur me thik\u00eb djalin e tij. Sipas njoftimit t\u00eb policis\u00eb, ngjarja ka ndodhur n\u00eb fshatin Ostren t\u00eb Bulqiz\u00ebs. Dyshohet se pas nj\u00eb konflikti t\u00eb \u00e7astit p\u00ebr motive t\u00eb dob\u00ebta, shtetasi B.N., 58 vje\u00e7, brenda banes\u00ebs s\u00eb tij, ka plagosur me [&hellip;]<\/p>\n","protected":false},"author":5,"featured_media":51534,"comment_status":"closed","ping_status":"closed","sticky":false,"template":"","format":"standard","meta":{"footnotes":""},"categories":[1,6332],"tags":[14508,39939],"class_list":{"0":"post-95197","1":"post","2":"type-post","3":"status-publish","4":"format-standard","5":"has-post-thumbnail","7":"category-aktualitet","8":"category-te-fundit","9":"tag-arrestohet-58-vjecari","10":"tag-plagosi-me-thike-djalin-e-tij"},"_links":{"self":[{"href":"https:\/\/jugulajm.net\/index.php?rest_route=\/wp\/v2\/posts\/95197","targetHints":{"allow":["GET"]}}],"collection":[{"href":"https:\/\/jugulajm.net\/index.php?rest_route=\/wp\/v2\/posts"}],"about":[{"href":"https:\/\/jugulajm.net\/index.php?rest_route=\/wp\/v2\/types\/post"}],"author":[{"embeddable":true,"href":"https:\/\/jugulajm.net\/index.php?rest_route=\/wp\/v2\/users\/5"}],"replies":[{"embeddable":true,"href":"https:\/\/jugulajm.net\/index.php?rest_route=%2Fwp%2Fv2%2Fcomments&post=95197"}],"version-history":[{"count":1,"href":"https:\/\/jugulajm.net\/index.php?rest_route=\/wp\/v2\/posts\/95197\/revisions"}],"predecessor-version":[{"id":95198,"href":"https:\/\/jugulajm.net\/index.php?rest_route=\/wp\/v2\/posts\/95197\/revisions\/95198"}],"wp:featuredmedia":[{"embeddable":true,"href":"https:\/\/jugulajm.net\/index.php?rest_route=\/wp\/v2\/media\/51534"}],"wp:attachment":[{"href":"https:\/\/jugulajm.net\/index.php?rest_route=%2Fwp%2Fv2%2Fmedia&parent=95197"}],"wp:term":[{"taxonomy":"category","embeddable":true,"href":"https:\/\/jugulajm.net\/index.php?rest_route=%2Fwp%2Fv2%2Fcategories&post=95197"},{"taxonomy":"post_tag","embeddable":true,"href":"https:\/\/jugulajm.net\/index.php?rest_route=%2Fwp%2Fv2%2Ftags&post=95197"}],"curies":[{"name":"wp","href":"https:\/\/api.w.org\/{rel}","templated":true}]}}