{"id":95186,"date":"2026-01-29T21:40:35","date_gmt":"2026-01-29T20:40:35","guid":{"rendered":"https:\/\/jugulajm.net\/?p=95186"},"modified":"2026-01-29T21:40:35","modified_gmt":"2026-01-29T20:40:35","slug":"emri-greqi-shqiptari-nga-gjirokastra-plagoset-me-thike-ne-burg-ja-nga-kush","status":"publish","type":"post","link":"https:\/\/jugulajm.net\/?p=95186","title":{"rendered":"EMRI\/ Greqi, shqiptari nga Gjirokastra plagoset me thik\u00eb n\u00eb burg, ja nga kush&#8230;"},"content":{"rendered":"<p data-start=\"60\" data-end=\"304\">Nj\u00eb sulm i p\u00ebrgjaksh\u00ebm ka ndodhur mesdit\u00ebn e sotme n\u00eb burgun e Malandrin\u00ebs n\u00eb Greqi, ku \u00ebsht\u00eb plagosur me thik\u00eb nj\u00eb shtetas shqiptar i cil\u00ebsuar nga autoritetet si nj\u00eb nga ekzekutor\u00ebt m\u00eb t\u00eb rreziksh\u00ebm t\u00eb bot\u00ebs s\u00eb krimit.<\/p>\n<p data-start=\"60\" data-end=\"304\">M\u00ebsohet se i plagosuri \u00ebsht\u00eb Dhimit\u00ebr Meci, 46-vje\u00e7 nga Labova e Gjirokastr\u00ebs.<\/p>\n<p data-start=\"306\" data-end=\"512\">Sipas informacioneve t\u00eb\u00a0<a href=\"https:\/\/www.iefimerida.gr\/ellada\/aimatiri-epithesi-albano-ektelesti-fylakes-malandrinoy\">mediave greke<\/a>, sulmi ndodhi menj\u00ebher\u00eb pas transferimit t\u00eb tij n\u00eb burgun e Malandrin\u00ebs. Pa arritur ende n\u00eb sektorin ku do t\u00eb akomodohej, ai u godit me thik\u00eb artizanale nga nj\u00eb tjet\u00ebr i d\u00ebnuar.<\/p>\n<p data-start=\"514\" data-end=\"924\">I njohur me nofk\u00ebn \u201cDemos\u201d, Meci, njihet si nj\u00eb nga \u201carm\u00ebt m\u00eb t\u00eb forta\u201d t\u00eb bot\u00ebs s\u00eb krimit n\u00eb Athin\u00eb dhe \u00ebsht\u00eb p\u00ebrshkruar si truri pas atentatit ndaj Giannis Lalas n\u00eb maj t\u00eb vitit 2025, kur ky i fundit u q\u00ebllua dhjet\u00ebra her\u00eb me kallashnikov, por mbijetoi fal\u00eb blindimit t\u00eb automjetit luksoz q\u00eb drejtonte.<\/p>\n<p data-start=\"514\" data-end=\"924\">Pas arrestimit, shqiptari ishte mbajtur n\u00eb repartin psikiatrik t\u00eb burgut t\u00eb Korydallos, ku iu n\u00ebnshtrua ekspertizave mjeko-ligjore.<\/p>\n<p data-start=\"926\" data-end=\"1038\">Nga sulmi i sot\u00ebm, ai ka mbetur i plagosur r\u00ebnd\u00eb, por burimet b\u00ebjn\u00eb me dije se jeta e tij nuk ndodhet n\u00eb rrezik.<\/p>\n<p data-start=\"1040\" data-end=\"1207\">Autori i sulmit u arrestua menj\u00ebher\u00eb. Ai \u00ebsht\u00eb identifikuar si N.E., shtetas grek, i akuzuar p\u00ebr pjes\u00ebmarrje n\u00eb organizat\u00eb kriminale dhe i pun\u00ebsuar n\u00eb mens\u00ebn e burgut.<\/p>\n<p data-start=\"1209\" data-end=\"1478\">Sipas autoriteteve greke, shqiptari ka qen\u00eb dhjet\u00ebra her\u00eb n\u00eb duart e drejt\u00ebsis\u00eb p\u00ebr vrasje me pages\u00eb, tentativa vrasjeje, shantazhe dhe grabitje. Ai kishte lidhje t\u00eb ngushta edhe me Panagiotis Vlastos, i cil\u00ebsuar si nj\u00eb nga drejtuesit e t\u00eb ashtuquajtur\u00ebs \u201cMafia Greke\u201d.<\/p>\n","protected":false},"excerpt":{"rendered":"<p>Nj\u00eb sulm i p\u00ebrgjaksh\u00ebm ka ndodhur mesdit\u00ebn e sotme n\u00eb burgun e Malandrin\u00ebs n\u00eb Greqi, ku \u00ebsht\u00eb plagosur me thik\u00eb nj\u00eb shtetas shqiptar i cil\u00ebsuar nga autoritetet si nj\u00eb nga ekzekutor\u00ebt m\u00eb t\u00eb rreziksh\u00ebm t\u00eb bot\u00ebs s\u00eb krimit. M\u00ebsohet se i plagosuri \u00ebsht\u00eb Dhimit\u00ebr Meci, 46-vje\u00e7 nga Labova e Gjirokastr\u00ebs. Sipas informacioneve t\u00eb\u00a0mediave greke, sulmi [&hellip;]<\/p>\n","protected":false},"author":5,"featured_media":47349,"comment_status":"closed","ping_status":"closed","sticky":false,"template":"","format":"standard","meta":{"footnotes":""},"categories":[1,6332],"tags":[23873,39933,39932],"class_list":{"0":"post-95186","1":"post","2":"type-post","3":"status-publish","4":"format-standard","5":"has-post-thumbnail","7":"category-aktualitet","8":"category-te-fundit","9":"tag-emri-greqi","10":"tag-ja-nga-kush","11":"tag-shqiptari-nga-gjirokastra-plagoset-me-thike-ne-burg"},"_links":{"self":[{"href":"https:\/\/jugulajm.net\/index.php?rest_route=\/wp\/v2\/posts\/95186","targetHints":{"allow":["GET"]}}],"collection":[{"href":"https:\/\/jugulajm.net\/index.php?rest_route=\/wp\/v2\/posts"}],"about":[{"href":"https:\/\/jugulajm.net\/index.php?rest_route=\/wp\/v2\/types\/post"}],"author":[{"embeddable":true,"href":"https:\/\/jugulajm.net\/index.php?rest_route=\/wp\/v2\/users\/5"}],"replies":[{"embeddable":true,"href":"https:\/\/jugulajm.net\/index.php?rest_route=%2Fwp%2Fv2%2Fcomments&post=95186"}],"version-history":[{"count":1,"href":"https:\/\/jugulajm.net\/index.php?rest_route=\/wp\/v2\/posts\/95186\/revisions"}],"predecessor-version":[{"id":95187,"href":"https:\/\/jugulajm.net\/index.php?rest_route=\/wp\/v2\/posts\/95186\/revisions\/95187"}],"wp:featuredmedia":[{"embeddable":true,"href":"https:\/\/jugulajm.net\/index.php?rest_route=\/wp\/v2\/media\/47349"}],"wp:attachment":[{"href":"https:\/\/jugulajm.net\/index.php?rest_route=%2Fwp%2Fv2%2Fmedia&parent=95186"}],"wp:term":[{"taxonomy":"category","embeddable":true,"href":"https:\/\/jugulajm.net\/index.php?rest_route=%2Fwp%2Fv2%2Fcategories&post=95186"},{"taxonomy":"post_tag","embeddable":true,"href":"https:\/\/jugulajm.net\/index.php?rest_route=%2Fwp%2Fv2%2Ftags&post=95186"}],"curies":[{"name":"wp","href":"https:\/\/api.w.org\/{rel}","templated":true}]}}