{"id":95181,"date":"2026-01-29T18:11:25","date_gmt":"2026-01-29T17:11:25","guid":{"rendered":"https:\/\/jugulajm.net\/?p=95181"},"modified":"2026-01-29T18:11:25","modified_gmt":"2026-01-29T17:11:25","slug":"perfundon-seanca-ne-gjkko-per-ceshtjen-meta-kryemadhi-spak-paraqet-aktakuzen-dhe-provat","status":"publish","type":"post","link":"https:\/\/jugulajm.net\/?p=95181","title":{"rendered":"P\u00ebrfundon seanca n\u00eb GJKKO p\u00ebr \u00e7\u00ebshtjen Meta-Kryemadhi, SPAK paraqet aktakuz\u00ebn dhe provat"},"content":{"rendered":"<p>Seanca gjyq\u00ebsore p\u00ebr \u00e7\u00ebshtjen Meta\u2013Kryemadhi, e zhvilluar k\u00ebt\u00eb t\u00eb enjte n\u00eb Gjykat\u00ebn e Posa\u00e7me kund\u00ebr Korrupsionit dhe Krimit t\u00eb Organizuar, ka zgjatur rreth 6 or\u00eb<\/p>\n<p>Gjat\u00eb seanc\u00ebs,\u00a0prokuror\u00ebt e SPAK\u00a0kan\u00eb vijuar paraqitjen e aktakuz\u00ebs dhe provave t\u00eb bashk\u00ebngjitura n\u00eb dosje, duke lexuar nj\u00eb pjes\u00eb t\u00eb konsiderueshme t\u00eb materialit hetimor. Procesi \u00ebsht\u00eb shoq\u00ebruar edhe me debate mes pal\u00ebve.<\/p>\n<p>Pas p\u00ebrfundimit t\u00eb paraqitjes s\u00eb aktakuz\u00ebs dhe provave nga ana e SPAK, n\u00eb seancat e ardhshme pritet q\u00eb fjala t\u2019i kaloj\u00eb mbrojtjes.<\/p>\n<p>Ilir Meta u mor i pandehur p\u00ebr veprat penale\u00a0<em>\u201cKorrupsioni pasiv i funksionar\u00ebve t\u00eb lart\u00eb shtet\u00ebror\u00eb ose t\u00eb zgjedhurve vendor\u00eb\u201d<\/em>\u00a0n\u00eb 3 (tre) raste nga t\u00eb cilat n\u00eb dy raste \u00ebsht\u00eb kryer n\u00eb bashk\u00ebpunim,\u00a0<em>\u201cPastrimi i produkteve t\u00eb vepr\u00ebs penale ose veprimtaris\u00eb kriminale\u201d<\/em>\u00a0e kryer n\u00eb bashk\u00ebpunim dhe m\u00eb shum\u00eb se nj\u00eb her\u00eb, dhe<em>\u00a0\u201cRefuzimi p\u00ebr deklarim, mosdeklarimi, fshehja ose deklarimi i rrem\u00eb i pasurive, interesave private t\u00eb personave t\u00eb zgjedhur dhe n\u00ebpun\u00ebsve publik\u00eb, ose i cdo personi q\u00eb ka detyrimin ligjor p\u00ebr deklarim\u201d<\/em>.<\/p>\n<p>Nd\u00ebrsa, Monika Kryemadhi u mor e pandehur si e dyshuar p\u00ebr kryerjen e veprave penale; \u201c<em>Korrupsioni pasiv i funksionar\u00ebve t\u00eb lart\u00eb shtet\u00ebror\u00eb ose t\u00eb zgjedhurve vendor\u00eb\u201d<\/em>\u00a0 n\u00eb 2(dy) raste dhe n\u00eb bashk\u00ebpunim,\u00a0<em>\u201cPastrimi i produkteve t\u00eb vepr\u00ebs penale ose veprimtaris\u00eb kriminale\u201d<\/em>\u00a0e kryer n\u00eb bashk\u00ebpunim, dhe\u00a0<em>\u201cRefuzimi p\u00ebr deklarim, mosdeklarimi, fshehja ose deklarimi i rrem\u00eb i pasurive, interesave private t\u00eb personave t\u00eb zgjedhur dhe n\u00ebpun\u00ebsve publik\u00eb, ose i cdo personi q\u00eb ka detyrimin ligjor p\u00ebr deklarim\u201d.<\/em><\/p>\n<p>Ilir Meta u arrestua m\u00eb 21 tetor 2024 n\u00eb lidhje me hetimet e Prokuroris\u00eb s\u00eb Posa\u00e7me, e cila ka bashkuar n\u00eb nj\u00eb dosje t\u00eb vetme \u00e7\u00ebshtjen CEZ-DIA, lobimin n\u00eb SHBA t\u00eb ish-LSI-s\u00eb, si dhe hetimin pasuror ndaj tij dhe bashk\u00ebshortes s\u00eb tij, Monika Kryemadhi.<\/p>\n","protected":false},"excerpt":{"rendered":"<p>Seanca gjyq\u00ebsore p\u00ebr \u00e7\u00ebshtjen Meta\u2013Kryemadhi, e zhvilluar k\u00ebt\u00eb t\u00eb enjte n\u00eb Gjykat\u00ebn e Posa\u00e7me kund\u00ebr Korrupsionit dhe Krimit t\u00eb Organizuar, ka zgjatur rreth 6 or\u00eb Gjat\u00eb seanc\u00ebs,\u00a0prokuror\u00ebt e SPAK\u00a0kan\u00eb vijuar paraqitjen e aktakuz\u00ebs dhe provave t\u00eb bashk\u00ebngjitura n\u00eb dosje, duke lexuar nj\u00eb pjes\u00eb t\u00eb konsiderueshme t\u00eb materialit hetimor. Procesi \u00ebsht\u00eb shoq\u00ebruar edhe me debate mes [&hellip;]<\/p>\n","protected":false},"author":5,"featured_media":95182,"comment_status":"closed","ping_status":"closed","sticky":false,"template":"","format":"standard","meta":{"footnotes":""},"categories":[1,6326,6332],"tags":[39928,39929],"class_list":{"0":"post-95181","1":"post","2":"type-post","3":"status-publish","4":"format-standard","5":"has-post-thumbnail","7":"category-aktualitet","8":"category-politike","9":"category-te-fundit","10":"tag-perfundon-seanca-ne-gjkko-per-ceshtjen-meta","11":"tag-spak-paraqet-aktakuzen-dhe-provat"},"_links":{"self":[{"href":"https:\/\/jugulajm.net\/index.php?rest_route=\/wp\/v2\/posts\/95181","targetHints":{"allow":["GET"]}}],"collection":[{"href":"https:\/\/jugulajm.net\/index.php?rest_route=\/wp\/v2\/posts"}],"about":[{"href":"https:\/\/jugulajm.net\/index.php?rest_route=\/wp\/v2\/types\/post"}],"author":[{"embeddable":true,"href":"https:\/\/jugulajm.net\/index.php?rest_route=\/wp\/v2\/users\/5"}],"replies":[{"embeddable":true,"href":"https:\/\/jugulajm.net\/index.php?rest_route=%2Fwp%2Fv2%2Fcomments&post=95181"}],"version-history":[{"count":1,"href":"https:\/\/jugulajm.net\/index.php?rest_route=\/wp\/v2\/posts\/95181\/revisions"}],"predecessor-version":[{"id":95183,"href":"https:\/\/jugulajm.net\/index.php?rest_route=\/wp\/v2\/posts\/95181\/revisions\/95183"}],"wp:featuredmedia":[{"embeddable":true,"href":"https:\/\/jugulajm.net\/index.php?rest_route=\/wp\/v2\/media\/95182"}],"wp:attachment":[{"href":"https:\/\/jugulajm.net\/index.php?rest_route=%2Fwp%2Fv2%2Fmedia&parent=95181"}],"wp:term":[{"taxonomy":"category","embeddable":true,"href":"https:\/\/jugulajm.net\/index.php?rest_route=%2Fwp%2Fv2%2Fcategories&post=95181"},{"taxonomy":"post_tag","embeddable":true,"href":"https:\/\/jugulajm.net\/index.php?rest_route=%2Fwp%2Fv2%2Ftags&post=95181"}],"curies":[{"name":"wp","href":"https:\/\/api.w.org\/{rel}","templated":true}]}}