{"id":95177,"date":"2026-01-29T17:22:13","date_gmt":"2026-01-29T16:22:13","guid":{"rendered":"https:\/\/jugulajm.net\/?p=95177"},"modified":"2026-01-29T17:22:13","modified_gmt":"2026-01-29T16:22:13","slug":"gazetari-tregon-se-cfare-deshmoi-murseli-ne-gjykate-isha-20-metra-larg-kur","status":"publish","type":"post","link":"https:\/\/jugulajm.net\/?p=95177","title":{"rendered":"Gazetari tregon se \u00e7far\u00eb d\u00ebshmoi Murseli n\u00eb gjykat\u00eb: Isha 20 metra larg kur&#8230;"},"content":{"rendered":"<p>N\u00eb nj\u00eb lidhje live p\u00ebr Euronews Albania, gazetari Urall Boshnjaku dha m\u00eb shum\u00eb detaje mbi d\u00ebshmin\u00eb e Naim Murselit, t\u00eb dh\u00ebn\u00eb n\u00eb seanc\u00ebn e zhvilluar k\u00ebt\u00eb t\u00eb enjte n\u00eb Kosov\u00eb, sa i p\u00ebrket vrasjes s\u00eb Liridona Ademit.<\/p>\n<p>Sipas gazetarit, Naim Murseli i ka mohuar vazhdimisht akuzat q\u00eb ngrihen ndaj tij p\u00ebr planifikimin e vrasjes s\u00eb bashk\u00ebshortes s\u00eb tij. Sakaq, gazetari ka theksuar se Murseli ka deklaruar q\u00eb nuk ka qen\u00eb n\u00eb makin\u00eb n\u00eb momentin kur \u00ebsht\u00eb ekzekutuar bashk\u00ebshortja e tij dhe se ka qen\u00eb rreth 20 metra larg me f\u00ebmij\u00ebt dhe nuk e ka par\u00eb ngjarjen.<\/p>\n<p>\u201cNaim Murseli gjithmon\u00eb ka qen\u00eb n\u00eb pretendimet e tij se nuk ka qen\u00eb i p\u00ebrfshir\u00eb n\u00eb vrasjen e Liridona Ademajt q\u00eb nga fillimi. Mir\u00ebpo, vrasja q\u00eb ka ndodhur m\u00eb 29 n\u00ebntor t\u00eb vitit 2023 \u00ebsht\u00eb v\u00ebn\u00eb mbi disa akuza ndaj bashk\u00ebshortit t\u00eb Liridona Ademajt dhe po ashtu edhe ndaj bashk\u00ebpun\u00ebtor\u00ebve t\u00eb tij. Fillimisht, Naim Murseli akuzohet se ka bler\u00eb nj\u00eb arm\u00eb prej Tom Dodaj, \u00e7ka ky i fundit e ka pranuar se ia ka shitur arm\u00ebn Naim Murselit dhe fillimisht u d\u00ebnua me pes\u00eb vite burgim dhe pes\u00eb mij\u00eb euro gjob\u00eb, por pas apelimit t\u00eb vendimit, ky d\u00ebnim \u00ebsht\u00eb zbritur n\u00eb tre vite burgim dhe tre mij\u00eb euro gjob\u00eb. Murseli ka deklaruar vazhdimisht se nuk ka qen\u00eb n\u00eb makin\u00eb n\u00eb momentin kur \u00ebsht\u00eb vrar\u00eb Liridona Ademi dhe se ndodhej rreth 20 metra larg s\u00eb bashku me f\u00ebmij\u00ebt e tij, duke th\u00ebn\u00eb se nuk e kishte kontaktuar kurr\u00eb Plav\u00ebn p\u00ebr kryerjen e k\u00ebtij akti. Prokuroria e Kosov\u00ebs po e akuzon Murselin p\u00ebr kurdisjen e k\u00ebtij rasti dhe se gjith\u00e7ka ishte n\u00eb kuad\u00ebr t\u00eb nj\u00eb plani. Gjykimi vazhdon t\u00eb mbahet dhe disa nga k\u00ebrkesat e mbrojtjes jan\u00eb refuzuar sot nga gjykata. Pal\u00ebt e Liridona Ademajt thon\u00eb se \u00e7ifti nuk i kishin marr\u00ebdh\u00ebniet e mira vitet e fundit dhe se dyshohet se vrasja erdhi me porosi pas prishjes s\u00eb marr\u00ebdh\u00ebnieve. Ndaj dyshohet se Murseli e porositi vrasjen p\u00ebr t\u2019u hakmarr\u00eb ndaj bashk\u00ebshortes s\u00eb tij, pavar\u00ebsisht se ai mohon akuzat\u201d, u shpreh gazetari.<\/p>\n","protected":false},"excerpt":{"rendered":"<p>N\u00eb nj\u00eb lidhje live p\u00ebr Euronews Albania, gazetari Urall Boshnjaku dha m\u00eb shum\u00eb detaje mbi d\u00ebshmin\u00eb e Naim Murselit, t\u00eb dh\u00ebn\u00eb n\u00eb seanc\u00ebn e zhvilluar k\u00ebt\u00eb t\u00eb enjte n\u00eb Kosov\u00eb, sa i p\u00ebrket vrasjes s\u00eb Liridona Ademit. Sipas gazetarit, Naim Murseli i ka mohuar vazhdimisht akuzat q\u00eb ngrihen ndaj tij p\u00ebr planifikimin e vrasjes s\u00eb [&hellip;]<\/p>\n","protected":false},"author":5,"featured_media":68513,"comment_status":"closed","ping_status":"closed","sticky":false,"template":"","format":"standard","meta":{"footnotes":""},"categories":[1,27451,6332],"tags":[39927],"class_list":{"0":"post-95177","1":"post","2":"type-post","3":"status-publish","4":"format-standard","5":"has-post-thumbnail","7":"category-aktualitet","8":"category-kosova","9":"category-te-fundit","10":"tag-gazetari-tregon-se-cfare-deshmoi-murseli-ne-gjykate-isha-20-metra-larg-kur"},"_links":{"self":[{"href":"https:\/\/jugulajm.net\/index.php?rest_route=\/wp\/v2\/posts\/95177","targetHints":{"allow":["GET"]}}],"collection":[{"href":"https:\/\/jugulajm.net\/index.php?rest_route=\/wp\/v2\/posts"}],"about":[{"href":"https:\/\/jugulajm.net\/index.php?rest_route=\/wp\/v2\/types\/post"}],"author":[{"embeddable":true,"href":"https:\/\/jugulajm.net\/index.php?rest_route=\/wp\/v2\/users\/5"}],"replies":[{"embeddable":true,"href":"https:\/\/jugulajm.net\/index.php?rest_route=%2Fwp%2Fv2%2Fcomments&post=95177"}],"version-history":[{"count":1,"href":"https:\/\/jugulajm.net\/index.php?rest_route=\/wp\/v2\/posts\/95177\/revisions"}],"predecessor-version":[{"id":95178,"href":"https:\/\/jugulajm.net\/index.php?rest_route=\/wp\/v2\/posts\/95177\/revisions\/95178"}],"wp:featuredmedia":[{"embeddable":true,"href":"https:\/\/jugulajm.net\/index.php?rest_route=\/wp\/v2\/media\/68513"}],"wp:attachment":[{"href":"https:\/\/jugulajm.net\/index.php?rest_route=%2Fwp%2Fv2%2Fmedia&parent=95177"}],"wp:term":[{"taxonomy":"category","embeddable":true,"href":"https:\/\/jugulajm.net\/index.php?rest_route=%2Fwp%2Fv2%2Fcategories&post=95177"},{"taxonomy":"post_tag","embeddable":true,"href":"https:\/\/jugulajm.net\/index.php?rest_route=%2Fwp%2Fv2%2Ftags&post=95177"}],"curies":[{"name":"wp","href":"https:\/\/api.w.org\/{rel}","templated":true}]}}