{"id":95175,"date":"2026-01-29T16:22:06","date_gmt":"2026-01-29T15:22:06","guid":{"rendered":"https:\/\/jugulajm.net\/?p=95175"},"modified":"2026-01-29T16:22:06","modified_gmt":"2026-01-29T15:22:06","slug":"emrat-shkelje-ne-rikonstruksionin-e-4-komisariateve-ja-sa-vite-burg-kerkon-spak-per-15-ish-zyrtaret-e-ministrise","status":"publish","type":"post","link":"https:\/\/jugulajm.net\/?p=95175","title":{"rendered":"EMRAT\/Shkelje n\u00eb rikonstruksionin e 4 komisariateve, ja sa vite burg k\u00ebrkon SPAK p\u00ebr 15 ish-zyrtar\u00ebt e Ministris\u00eb"},"content":{"rendered":"<p>SPAK ka dh\u00ebn\u00eb pretenc\u00ebn p\u00ebr ish-zyrtar\u00ebt e Ministris\u00eb s\u00eb Brendshme, t\u00eb cil\u00ebt akuzohen p\u00ebr shkelje me tender\u00ebt dhe falsifikim dokumentesh n\u00eb dosjen p\u00ebr rikonstruksionin e 4 komisariateve. SPAK ka k\u00ebrkuar n\u00eb total 11 vite e 3 muaj burg p\u00ebr 15 t\u00eb pandehurit, nd\u00ebrsa n\u00eb rast se d\u00ebnohen vet\u00ebm ish-zyrtaret do t\u00eb p\u00ebrfitojn\u00eb nga gjykimi i shkurtuar.<\/p>\n<p>P\u00ebr 9 ish-zyrtare \u00ebsht\u00eb k\u00ebrkuar d\u00ebnimi me 9 muaj burg, por p\u00ebr shkak t\u00eb gjykimit t\u00eb shkurtuar ulet 1\/3 dhe zbret n\u00eb 6 muaj burgim. N\u00eb pretenc\u00eb SPAK k\u00ebrkon t\u00eb pezullohet d\u00ebnimi duke e vendosur t\u00eb pandehur\u00ebn n\u00eb sh\u00ebrbim prove p\u00ebr 1 vit.<\/p>\n<p>T\u00cb PANDEHURIT:<\/p>\n<p>Blendi Kovi;<br \/>\nDeni Klosi;<br \/>\nFerdinand Tarazhi;<br \/>\nEmiliano Mehmeti;<br \/>\nKlejdi Me\u00e7o;<br \/>\nErand Roba\u00e7i.<br \/>\nTeksa p\u00ebr grat\u00eb SPAK k\u00ebrkoi q\u00eb ato t\u00eb mos shkojn\u00eb n\u00eb burg edhe n\u00ebse deklarohen fajtore, p\u00ebr burrat nuk u k\u00ebrkua t\u00eb aplikohet neni 59 i Kodit t\u00eb Procedur\u00ebs Penale. P\u00ebr Blendi Kovin SPAK k\u00ebrkoi 9 muaj burg q\u00eb i zbret n\u00eb 6 muaj nga aplikimi i gjykimit t\u00eb shkurtuar. E nj\u00ebjta pretenc\u00eb u dha edhe p\u00ebr:<\/p>\n<p>T\u00cb PANDEHURAT:<\/p>\n<p>Denisa Sk\u00ebnderaj;<br \/>\nLira Kolari;<br \/>\nLindita Mukaj;<br \/>\nSilva Dauti (Kushi);<br \/>\nGrida Isufi;<br \/>\nJonarda Qurku;<br \/>\nJulia Hysa (Done);<br \/>\nElora Kokalari;<br \/>\nAida Shehi.<\/p>\n<p>P\u00ebr t\u00eb 15 t\u00eb pandehurit prokurorja Dorina Bejko k\u00ebrkoi edhe heqjen e t\u00eb drejt\u00ebs p\u00ebr t\u00eb ushtruar funksione publike p\u00ebr nj\u00eb periudh\u00eb 5-vje\u00e7are. P\u00ebr k\u00ebt\u00eb dosje \u00e7\u00ebshtja ndaj ish-sekretarit t\u00eb p\u00ebrgjithsh\u00ebm t\u00eb Ministris\u00eb s\u00eb Brendshme, Plarent Ndreca \u00ebsht\u00eb ndar\u00eb, pasi ai k\u00ebrkoi t\u00eb gjykohej me procedur\u00eb t\u00eb zakonshme.<\/p>\n<p>Nd\u00ebrkoh\u00eb q\u00eb n\u00eb pyetje p\u00ebr k\u00ebt\u00eb \u00e7\u00ebshtje \u00ebsht\u00eb marr\u00eb edhe ish-ministri i Brendsh\u00ebm Sand\u00ebr Lleshaj. Tenderat p\u00ebr supervizimin e 4 komisariateve Vlor\u00eb, nr 4 n\u00eb Tiran\u00eb, Pogradec dhe Mirdit\u00eb kapnin nj\u00eb vler\u00eb prej rreth 555 mij\u00eb euro, ku SPAK pretendon se jan\u00eb kryer n\u00eb shkelje t\u00eb procedurave p\u00ebr t\u00eb favorizuar nj\u00ebr\u00ebn prej kompanive.<\/p>\n","protected":false},"excerpt":{"rendered":"<p>SPAK ka dh\u00ebn\u00eb pretenc\u00ebn p\u00ebr ish-zyrtar\u00ebt e Ministris\u00eb s\u00eb Brendshme, t\u00eb cil\u00ebt akuzohen p\u00ebr shkelje me tender\u00ebt dhe falsifikim dokumentesh n\u00eb dosjen p\u00ebr rikonstruksionin e 4 komisariateve. SPAK ka k\u00ebrkuar n\u00eb total 11 vite e 3 muaj burg p\u00ebr 15 t\u00eb pandehurit, nd\u00ebrsa n\u00eb rast se d\u00ebnohen vet\u00ebm ish-zyrtaret do t\u00eb p\u00ebrfitojn\u00eb nga gjykimi i [&hellip;]<\/p>\n","protected":false},"author":5,"featured_media":83713,"comment_status":"closed","ping_status":"closed","sticky":false,"template":"","format":"standard","meta":{"footnotes":""},"categories":[1,6332,29228],"tags":[39925,39926],"class_list":{"0":"post-95175","1":"post","2":"type-post","3":"status-publish","4":"format-standard","5":"has-post-thumbnail","7":"category-aktualitet","8":"category-te-fundit","9":"category-vendi","10":"tag-emrat-shkelje-ne-rikonstruksionin-e-4-komisariateve","11":"tag-ja-sa-vite-burg-kerkon-spak-per-15-ish-zyrtaret-e-ministrise"},"_links":{"self":[{"href":"https:\/\/jugulajm.net\/index.php?rest_route=\/wp\/v2\/posts\/95175","targetHints":{"allow":["GET"]}}],"collection":[{"href":"https:\/\/jugulajm.net\/index.php?rest_route=\/wp\/v2\/posts"}],"about":[{"href":"https:\/\/jugulajm.net\/index.php?rest_route=\/wp\/v2\/types\/post"}],"author":[{"embeddable":true,"href":"https:\/\/jugulajm.net\/index.php?rest_route=\/wp\/v2\/users\/5"}],"replies":[{"embeddable":true,"href":"https:\/\/jugulajm.net\/index.php?rest_route=%2Fwp%2Fv2%2Fcomments&post=95175"}],"version-history":[{"count":1,"href":"https:\/\/jugulajm.net\/index.php?rest_route=\/wp\/v2\/posts\/95175\/revisions"}],"predecessor-version":[{"id":95176,"href":"https:\/\/jugulajm.net\/index.php?rest_route=\/wp\/v2\/posts\/95175\/revisions\/95176"}],"wp:featuredmedia":[{"embeddable":true,"href":"https:\/\/jugulajm.net\/index.php?rest_route=\/wp\/v2\/media\/83713"}],"wp:attachment":[{"href":"https:\/\/jugulajm.net\/index.php?rest_route=%2Fwp%2Fv2%2Fmedia&parent=95175"}],"wp:term":[{"taxonomy":"category","embeddable":true,"href":"https:\/\/jugulajm.net\/index.php?rest_route=%2Fwp%2Fv2%2Fcategories&post=95175"},{"taxonomy":"post_tag","embeddable":true,"href":"https:\/\/jugulajm.net\/index.php?rest_route=%2Fwp%2Fv2%2Ftags&post=95175"}],"curies":[{"name":"wp","href":"https:\/\/api.w.org\/{rel}","templated":true}]}}