{"id":95135,"date":"2026-01-28T13:13:20","date_gmt":"2026-01-28T12:13:20","guid":{"rendered":"https:\/\/jugulajm.net\/?p=95135"},"modified":"2026-01-28T13:13:20","modified_gmt":"2026-01-28T12:13:20","slug":"babai-plagosi-vajzen-dhe-kolegun-e-saj-flet-deshmitari-pastroi-gjakun-nga-bicaku-dhe","status":"publish","type":"post","link":"https:\/\/jugulajm.net\/?p=95135","title":{"rendered":"Babai plagosi vajz\u00ebn dhe kolegun e saj, flet d\u00ebshmitari: Pastroi gjakun nga bi\u00e7aku dhe&#8230;"},"content":{"rendered":"<p>Nj\u00eb ngjarje e r\u00ebnd\u00eb ka tronditur Durr\u00ebsin tre dit\u00eb m\u00eb par\u00eb, kur nj\u00eb 56-vje\u00e7ar plagosi me mjet prer\u00ebs vajz\u00ebn e tij dhe kolegun e saj. Ngjarja e tmerrshme ka ndodhur n\u00eb nj\u00eb moment t\u00eb papritur, dhe detaje trondit\u00ebse kan\u00eb dal\u00eb n\u00eb drit\u00eb pas d\u00ebshmis\u00eb s\u00eb nj\u00eb prej koleg\u00ebve t\u00eb vajz\u00ebs,\u00a0Xhensila Ndoj, i cili ka qen\u00eb d\u00ebshmitar i ngjarjes dhe ka rr\u00ebfyer momente t\u00eb tmerrshme t\u00eb asaj dite.<\/p>\n<p>Pjes\u00eb e emisionit \u201cMe Zem\u00ebr t\u00eb Hapur\u201d ka treguar p\u00ebr t\u00eb gjitha \u00e7far\u00eb ndodhi at\u00eb dit\u00eb dhe si u zhvillua ngjarja tragjike. Sipas tij, babai i vajz\u00ebs, Mikel Ndoj, pasi kreu krimin, \u00ebsht\u00eb larguar nga vendngjarja i qet\u00eb dhe pa asnj\u00eb shenj\u00eb pendimi. Ai ka treguar se pas krimit,\u00a0Mikel Ndoj kishte marr\u00eb bi\u00e7akun dhe kishte fshir\u00eb gjakun e derdhur, duke u munduar t\u00eb largonte \u00e7do gjurm\u00eb t\u00eb ngjarjes, dhe m\u00eb pas u largua.<\/p>\n<p>Sipas d\u00ebshmis\u00eb, babai i vajz\u00ebs, q\u00eb ndodhej n\u00eb nj\u00eb moment t\u00eb duksh\u00ebm tensioni dhe zem\u00ebrimi, nuk shfaqi asnj\u00eb shenj\u00eb pendimi ose shqet\u00ebsimi p\u00ebr aktin q\u00eb kishte kryer, duke shkaktuar nj\u00eb tronditje t\u00eb thell\u00eb tek t\u00eb gjith\u00eb ata q\u00eb ishin aty.<\/p>\n<p>Policia e Durr\u00ebsit ka nisur menj\u00ebher\u00eb hetimet p\u00ebr k\u00ebt\u00eb ngjarje tragjike dhe \u00ebsht\u00eb v\u00ebn\u00eb n\u00eb ndjekje t\u00eb 56-vje\u00e7arit, i cili pas krimit ka shp\u00ebrndar\u00eb informacion t\u00eb paqart\u00eb, duke u p\u00ebrpjekur t\u00eb fshihte gjurm\u00ebt. Sipas burimeve t\u00eb siguruara, vajza e tij dhe kolegu i saj jan\u00eb d\u00ebrguar n\u00eb spital p\u00ebr trajtim mjek\u00ebsor, dhe jan\u00eb jasht\u00eb rrezikut p\u00ebr jet\u00ebn, por ata po kalojn\u00eb nj\u00eb periudh\u00eb t\u00eb v\u00ebshtir\u00eb psikologjike p\u00ebr shkak t\u00eb traum\u00ebs s\u00eb p\u00ebsuar.<\/p>\n<p><em>Ai iku q\u00eb aty duke pastruar bi\u00e7akun, me nj\u00eb qet\u00ebsi vras\u00ebsi, me hapa t\u00eb ngadalt\u00eb. ..as shpejt\u00eb, as i traumatizuar. Iku andej nga u fsheh. Nuk vura re asnj\u00eb traum\u00eb. E gjith\u00eb ngjarja ndodhi p\u00ebr 1 minut\u00eb. U zun\u00eb, u kap\u00ebn, i goditi dhe ai m\u00eb pas u largua. Presioni i vazhduesh\u00ebm q\u00eb ai ushtronte, vinte e takonte\u2026.i thoshte vajz\u00ebs; \u00ebsht\u00eb me imja. Nj\u00eb her\u00eb tjet\u00ebr q\u00eb kaloi te zyra, indiferenca e goc\u00ebs ishte evidente. Ajo ishte situat\u00eb q\u00eb \u00ebsht\u00eb akumuluar. \u00cbsht\u00eb problem familjar i nd\u00ebrthurur nd\u00ebr vite. Ai ishte pa sht\u00ebpi dhe katandi dhe kjo pesha psikologjike q\u00eb ka pasur, do e ket\u00eb \u00e7uar te kjo gj\u00eb. Ai nuk ka ditur q\u00eb t\u00eb komunikoj\u00eb me vajz\u00ebn e saj. Kjo ishte dinamika. Ne d\u00ebshmuam \u00e7do gj\u00eb n\u00eb polici. Ngjarja ishte e planifikuar, pasi ai erdhi te zyra dhe i nxori direkt bi\u00e7akun.\u201d,<\/em>\u00a0tha d\u00ebshmitari.<\/p>\n","protected":false},"excerpt":{"rendered":"<p>Nj\u00eb ngjarje e r\u00ebnd\u00eb ka tronditur Durr\u00ebsin tre dit\u00eb m\u00eb par\u00eb, kur nj\u00eb 56-vje\u00e7ar plagosi me mjet prer\u00ebs vajz\u00ebn e tij dhe kolegun e saj. Ngjarja e tmerrshme ka ndodhur n\u00eb nj\u00eb moment t\u00eb papritur, dhe detaje trondit\u00ebse kan\u00eb dal\u00eb n\u00eb drit\u00eb pas d\u00ebshmis\u00eb s\u00eb nj\u00eb prej koleg\u00ebve t\u00eb vajz\u00ebs,\u00a0Xhensila Ndoj, i cili ka qen\u00eb [&hellip;]<\/p>\n","protected":false},"author":5,"featured_media":95108,"comment_status":"closed","ping_status":"closed","sticky":false,"template":"","format":"standard","meta":{"footnotes":""},"categories":[1,6332],"tags":[39903,39904],"class_list":{"0":"post-95135","1":"post","2":"type-post","3":"status-publish","4":"format-standard","5":"has-post-thumbnail","7":"category-aktualitet","8":"category-te-fundit","9":"tag-babai-plagosi-vajzen-dhe-kolegun-e-saj","10":"tag-flet-deshmitari-pastroi-gjakun-nga-bicaku-dhe"},"_links":{"self":[{"href":"https:\/\/jugulajm.net\/index.php?rest_route=\/wp\/v2\/posts\/95135","targetHints":{"allow":["GET"]}}],"collection":[{"href":"https:\/\/jugulajm.net\/index.php?rest_route=\/wp\/v2\/posts"}],"about":[{"href":"https:\/\/jugulajm.net\/index.php?rest_route=\/wp\/v2\/types\/post"}],"author":[{"embeddable":true,"href":"https:\/\/jugulajm.net\/index.php?rest_route=\/wp\/v2\/users\/5"}],"replies":[{"embeddable":true,"href":"https:\/\/jugulajm.net\/index.php?rest_route=%2Fwp%2Fv2%2Fcomments&post=95135"}],"version-history":[{"count":1,"href":"https:\/\/jugulajm.net\/index.php?rest_route=\/wp\/v2\/posts\/95135\/revisions"}],"predecessor-version":[{"id":95136,"href":"https:\/\/jugulajm.net\/index.php?rest_route=\/wp\/v2\/posts\/95135\/revisions\/95136"}],"wp:featuredmedia":[{"embeddable":true,"href":"https:\/\/jugulajm.net\/index.php?rest_route=\/wp\/v2\/media\/95108"}],"wp:attachment":[{"href":"https:\/\/jugulajm.net\/index.php?rest_route=%2Fwp%2Fv2%2Fmedia&parent=95135"}],"wp:term":[{"taxonomy":"category","embeddable":true,"href":"https:\/\/jugulajm.net\/index.php?rest_route=%2Fwp%2Fv2%2Fcategories&post=95135"},{"taxonomy":"post_tag","embeddable":true,"href":"https:\/\/jugulajm.net\/index.php?rest_route=%2Fwp%2Fv2%2Ftags&post=95135"}],"curies":[{"name":"wp","href":"https:\/\/api.w.org\/{rel}","templated":true}]}}