{"id":95107,"date":"2026-01-27T14:14:24","date_gmt":"2026-01-27T13:14:24","guid":{"rendered":"https:\/\/jugulajm.net\/?p=95107"},"modified":"2026-01-27T14:14:24","modified_gmt":"2026-01-27T13:14:24","slug":"plagosi-me-thike-vajzen-zbardhet-deshmia-e-babait-ja-si-ndodhi-ngjarja","status":"publish","type":"post","link":"https:\/\/jugulajm.net\/?p=95107","title":{"rendered":"Plagosi me thik\u00eb vajz\u00ebn, zbardhet d\u00ebshmia e babait: Ja si ndodhi ngjarja&#8230;"},"content":{"rendered":"<p>56-vje\u00e7ari Mikel Ndoji, i cili plagosi me thik\u00eb vajz\u00ebn e tij 24-vje\u00e7are nj\u00eb dit\u00eb m\u00eb par\u00eb n\u00eb Durr\u00ebs ka dh\u00ebn\u00eb d\u00ebshmin\u00eb e tij lidhur me ngjarjen.<img loading=\"lazy\" loading=\"lazy\" decoding=\"async\" src=\"https:\/\/ads.adsense.al\/www\/delivery\/lg.php?bannerid=0&amp;campaignid=0&amp;zoneid=186&amp;loc=https%3A%2F%2Fboldnews.al%2F2026%2F01%2F27%2Fplagosi-me-thike-vajzen-ne-durres-zbardhet-deshmia-e-mikel-ndojit-ja-si-ndodhi-ngjarja%2F&amp;referer=https%3A%2F%2Fwww.google.com%2F&amp;cb=9c01c7e0fd\" alt=\"\" width=\"0\" height=\"0\" \/><\/p>\n<p>Para hetuesve, ai ka treguar se si ka degraduar situata deri n\u00eb plagosje me thik\u00eb, nd\u00ebrsa shprehet i penduar p\u00ebr veprimin e tij.<\/p>\n<p>Ai tregon se \u00e7do gj\u00eb ka ndodhur shum\u00eb shpejt dhe se pas ngjarjes ishte fshehur pran\u00eb nj\u00eb reparti zjarrfik\u00ebs t\u00eb zon\u00ebs.<\/p>\n<p><em>\u201cShkova te vendi i pun\u00ebs s\u00eb vajz\u00ebs pasi nuk po m\u00eb p\u00ebrgjigjej n\u00eb telefon. Dua t\u00eb ribashkohem me familjen por vajza ka ndikuar negativisht. Nuk donte t\u00eb kishte t\u00eb b\u00ebnte m\u00eb me mua, m\u00eb shp\u00ebrfillte, m\u00eb injoronte. Shkova p\u00ebr t\u2019i th\u00ebn\u00eb se doja t\u00eb bisedoja me t\u00eb, por m\u00eb tha se nuk dua t\u00eb kem asnj\u00eb lidhje me ty, p\u00ebr mua nuk ekziston m\u00eb. N\u00eb k\u00ebt\u00eb moment m\u2019u err\u00ebsuan syt\u00eb, i thash\u00eb hajde dalim pak p\u00ebrjashta q\u00eb t\u00eb flasim. Ajo m\u00eb shtyu. Nuk mbaj mend m\u00eb se \u00e7far\u00eb ndodhi. Ishte edhe nj\u00eb djal\u00eb aty q\u00eb nd\u00ebrhyri n\u00eb ato momente. Teksa po tentonte t\u00eb m\u00eb largonte u pre nga thika edhe ai. M\u00eb pas ika dhe u fsheva diku af\u00ebr repartit t\u00eb zjarrfik\u00ebses. Aty e kuptova \u00e7far\u00eb kishte ndodhur. Un\u00eb isha n\u00eb gjendje t\u00eb r\u00ebnduar psikologjike dhe kisha konsumuar alkool. M\u00eb vjen shum\u00eb keq p\u00ebr at\u00eb q\u00eb ndodhi. Jam penduar shum\u00eb. U k\u00ebrkoj falje vajz\u00ebs dhe djalit q\u00eb u plagos. Djalin nuk e njihja fare. Nuk di \u00e7far\u00eb t\u00eb them, ndihem shum\u00eb keq\u201d,<\/em>\u00a0ka d\u00ebshmuar 56-vje\u00e7ari.<\/p>\n<p>Ngjarja e r\u00ebnd\u00eb ndodhi m\u00ebngjesin e djesh\u00ebm, n\u00eb lagjen nr.12 t\u00eb qytetit, nd\u00ebrsa shkak \u00ebsht\u00eb b\u00ebr\u00eb refuzimi i vajz\u00ebs Xhesika Ndoj p\u00ebr t\u2019u mos u bashkuar me t\u00eb atin.\u00a0 Prind\u00ebrit e vajz\u00ebs ishin divorcuar 6 vite m\u00eb par\u00eb p\u00ebr shkak t\u00eb dhun\u00ebs n\u00eb familje dhe 56-vje\u00e7ari ishte larguar n\u00eb Itali.<\/p>\n<p>Ndoj rezulton nj\u00eb person me precedent penal n\u00eb shtetin Italian p\u00ebr dhun\u00eb, vep\u00ebr p\u00ebr t\u00eb cil\u00ebn kishte kryer edhe disa vite burg. Mir\u00ebpo, s\u00eb fundmi ai ishte rikthyer p\u00ebr t\u2019u ribashkuar me familjen, gj\u00eb q\u00eb \u00ebsht\u00eb kund\u00ebrshtuar nga e reja.<\/p>\n<p>Kaq ka mjaftuar q\u00eb 56-vje\u00e7ari t\u00eb shkonte te puna e vajz\u00ebs, me t\u00eb cil\u00ebn \u00ebsht\u00eb konfliktuar dhe m\u00eb pas e ka goditur me thik\u00eb. Nd\u00ebrkoh\u00eb nj\u00eb kalimtar, shtetasi\u00a0Onard Memlika, ka nd\u00ebrhyr\u00eb p\u00ebr t\u00eb parandaluar ngjarjen, por ka p\u00ebrfunduar i plagosur.<\/p>\n","protected":false},"excerpt":{"rendered":"<p>56-vje\u00e7ari Mikel Ndoji, i cili plagosi me thik\u00eb vajz\u00ebn e tij 24-vje\u00e7are nj\u00eb dit\u00eb m\u00eb par\u00eb n\u00eb Durr\u00ebs ka dh\u00ebn\u00eb d\u00ebshmin\u00eb e tij lidhur me ngjarjen. Para hetuesve, ai ka treguar se si ka degraduar situata deri n\u00eb plagosje me thik\u00eb, nd\u00ebrsa shprehet i penduar p\u00ebr veprimin e tij. Ai tregon se \u00e7do gj\u00eb ka [&hellip;]<\/p>\n","protected":false},"author":5,"featured_media":95108,"comment_status":"closed","ping_status":"closed","sticky":false,"template":"","format":"standard","meta":{"footnotes":""},"categories":[1,6332,29228],"tags":[39888,39889],"class_list":{"0":"post-95107","1":"post","2":"type-post","3":"status-publish","4":"format-standard","5":"has-post-thumbnail","7":"category-aktualitet","8":"category-te-fundit","9":"category-vendi","10":"tag-plagosi-me-thike-vajzen","11":"tag-zbardhet-deshmia-e-babait-ja-si-ndodhi-ngjarja"},"_links":{"self":[{"href":"https:\/\/jugulajm.net\/index.php?rest_route=\/wp\/v2\/posts\/95107","targetHints":{"allow":["GET"]}}],"collection":[{"href":"https:\/\/jugulajm.net\/index.php?rest_route=\/wp\/v2\/posts"}],"about":[{"href":"https:\/\/jugulajm.net\/index.php?rest_route=\/wp\/v2\/types\/post"}],"author":[{"embeddable":true,"href":"https:\/\/jugulajm.net\/index.php?rest_route=\/wp\/v2\/users\/5"}],"replies":[{"embeddable":true,"href":"https:\/\/jugulajm.net\/index.php?rest_route=%2Fwp%2Fv2%2Fcomments&post=95107"}],"version-history":[{"count":1,"href":"https:\/\/jugulajm.net\/index.php?rest_route=\/wp\/v2\/posts\/95107\/revisions"}],"predecessor-version":[{"id":95109,"href":"https:\/\/jugulajm.net\/index.php?rest_route=\/wp\/v2\/posts\/95107\/revisions\/95109"}],"wp:featuredmedia":[{"embeddable":true,"href":"https:\/\/jugulajm.net\/index.php?rest_route=\/wp\/v2\/media\/95108"}],"wp:attachment":[{"href":"https:\/\/jugulajm.net\/index.php?rest_route=%2Fwp%2Fv2%2Fmedia&parent=95107"}],"wp:term":[{"taxonomy":"category","embeddable":true,"href":"https:\/\/jugulajm.net\/index.php?rest_route=%2Fwp%2Fv2%2Fcategories&post=95107"},{"taxonomy":"post_tag","embeddable":true,"href":"https:\/\/jugulajm.net\/index.php?rest_route=%2Fwp%2Fv2%2Ftags&post=95107"}],"curies":[{"name":"wp","href":"https:\/\/api.w.org\/{rel}","templated":true}]}}