{"id":95101,"date":"2026-01-27T11:26:55","date_gmt":"2026-01-27T10:26:55","guid":{"rendered":"https:\/\/jugulajm.net\/?p=95101"},"modified":"2026-01-27T11:26:55","modified_gmt":"2026-01-27T10:26:55","slug":"gjykata-kushtetuese-vendos-sot-fatin-e-ballukut","status":"publish","type":"post","link":"https:\/\/jugulajm.net\/?p=95101","title":{"rendered":"Gjykata Kushtetuese vendos sot fatin e Ballukut"},"content":{"rendered":"<p>Gjykata Kushtetuese do t\u00eb mblidhet k\u00ebt\u00eb t\u00eb mart\u00eb p\u00ebr t\u00eb marr\u00eb nj\u00eb vendim lidhur me ankimin e kryeministrit Edi Rama ndaj pezullimit nga detyra t\u00eb zv.kryeministres dhe ministres s\u00eb Infrastruktur\u00ebs dhe Energjis\u00eb, Belinda Balluku.<\/p>\n<p>Trupa gjyq\u00ebsore do t\u00eb paraqes\u00eb q\u00ebndrimet dhe argumentet p\u00ebrkat\u00ebse, nd\u00ebrsa n\u00eb p\u00ebrfundim pritet t\u00eb zhvillohet votimi. Vendimi i Gjykat\u00ebs Kushtetuese pritet t\u00eb shpallet brenda dit\u00ebs s\u00eb sotme.<\/p>\n<p>Tet\u00eb gjyqtar\u00ebt e Kushtetueses do t\u00eb sqarojn\u00eb gjithashtu n\u00ebse n\u00eb k\u00ebt\u00eb rast ka pasur nd\u00ebrhyrje t\u00eb pushtetit gjyq\u00ebsor n\u00eb at\u00eb ekzekutiv, si edhe n\u00ebse nj\u00eb minist\u00ebr g\u00ebzon imunitetin ligjor t\u00eb nj\u00eb deputeti.<\/p>\n<p>Ky \u00ebsht\u00eb rasti i par\u00eb n\u00eb Shqip\u00ebri kur nj\u00eb minist\u00ebr pezullohet nga detyra pas nj\u00eb k\u00ebrkese t\u00eb SPAK-ut, duke e vendosur \u00e7\u00ebshtjen n\u00eb qend\u00ebr t\u00eb v\u00ebmendjes s\u00eb opinionit publik dhe juridik.<\/p>\n<p>M\u00eb 22 janar, Gjykata Kushtetuese shqyrtoi ankimin e kryeministrit Edi Rama lidhur me vendimin p\u00ebr pezullimin e Ballukut. Qeveria i ka k\u00ebrkuar Gjykat\u00ebs interpretimin e nenit 103 t\u00eb Kushtetut\u00ebs, sipas t\u00eb cilit an\u00ebtar\u00ebt e K\u00ebshillit t\u00eb Ministrave g\u00ebzojn\u00eb imunitetin e deputetit, si dhe t\u00eb p\u00ebrcaktoj\u00eb n\u00ebse Gjykata e Posa\u00e7me ka kompetenc\u00eb t\u00eb pezulloj\u00eb nj\u00eb minist\u00ebr pa autorizimin e Kryeministrit.<\/p>\n<p>Nga ana tjet\u00ebr, dy prokuror\u00ebt e SPAK, Dritan Pren\u00e7i dhe Dorina Bejko, kan\u00eb kund\u00ebrshtuar pretendimet e qeveris\u00eb, duke theksuar se nuk ekziston konflikt kompetencash mes pushteteve dhe se pezullimi i nj\u00eb ministri nuk \u00ebsht\u00eb kompetenc\u00eb e Kryeministrit.<\/p>\n<p>Vendimmarrja e Gjykat\u00ebs Kushtetuese vjen n\u00eb nj\u00eb moment t\u00eb ndjesh\u00ebm, teksa SPAK ka dor\u00ebzuar n\u00eb Kuvend k\u00ebrkes\u00ebn p\u00ebr autorizim p\u00ebr arrestimin e Belinda Ballukut, duke e kthyer \u00e7\u00ebshtjen n\u00eb nj\u00eb nga debatet m\u00eb t\u00eb forta juridike dhe politike t\u00eb dit\u00ebve t\u00eb fundit.<\/p>\n","protected":false},"excerpt":{"rendered":"<p>Gjykata Kushtetuese do t\u00eb mblidhet k\u00ebt\u00eb t\u00eb mart\u00eb p\u00ebr t\u00eb marr\u00eb nj\u00eb vendim lidhur me ankimin e kryeministrit Edi Rama ndaj pezullimit nga detyra t\u00eb zv.kryeministres dhe ministres s\u00eb Infrastruktur\u00ebs dhe Energjis\u00eb, Belinda Balluku. Trupa gjyq\u00ebsore do t\u00eb paraqes\u00eb q\u00ebndrimet dhe argumentet p\u00ebrkat\u00ebse, nd\u00ebrsa n\u00eb p\u00ebrfundim pritet t\u00eb zhvillohet votimi. Vendimi i Gjykat\u00ebs Kushtetuese pritet [&hellip;]<\/p>\n","protected":false},"author":5,"featured_media":45713,"comment_status":"closed","ping_status":"closed","sticky":false,"template":"","format":"standard","meta":{"footnotes":""},"categories":[1,6326,6332,29228],"tags":[39884],"class_list":{"0":"post-95101","1":"post","2":"type-post","3":"status-publish","4":"format-standard","5":"has-post-thumbnail","7":"category-aktualitet","8":"category-politike","9":"category-te-fundit","10":"category-vendi","11":"tag-gjykata-kushtetuese-vendos-sot-fatin-e-ballukut"},"_links":{"self":[{"href":"https:\/\/jugulajm.net\/index.php?rest_route=\/wp\/v2\/posts\/95101","targetHints":{"allow":["GET"]}}],"collection":[{"href":"https:\/\/jugulajm.net\/index.php?rest_route=\/wp\/v2\/posts"}],"about":[{"href":"https:\/\/jugulajm.net\/index.php?rest_route=\/wp\/v2\/types\/post"}],"author":[{"embeddable":true,"href":"https:\/\/jugulajm.net\/index.php?rest_route=\/wp\/v2\/users\/5"}],"replies":[{"embeddable":true,"href":"https:\/\/jugulajm.net\/index.php?rest_route=%2Fwp%2Fv2%2Fcomments&post=95101"}],"version-history":[{"count":1,"href":"https:\/\/jugulajm.net\/index.php?rest_route=\/wp\/v2\/posts\/95101\/revisions"}],"predecessor-version":[{"id":95102,"href":"https:\/\/jugulajm.net\/index.php?rest_route=\/wp\/v2\/posts\/95101\/revisions\/95102"}],"wp:featuredmedia":[{"embeddable":true,"href":"https:\/\/jugulajm.net\/index.php?rest_route=\/wp\/v2\/media\/45713"}],"wp:attachment":[{"href":"https:\/\/jugulajm.net\/index.php?rest_route=%2Fwp%2Fv2%2Fmedia&parent=95101"}],"wp:term":[{"taxonomy":"category","embeddable":true,"href":"https:\/\/jugulajm.net\/index.php?rest_route=%2Fwp%2Fv2%2Fcategories&post=95101"},{"taxonomy":"post_tag","embeddable":true,"href":"https:\/\/jugulajm.net\/index.php?rest_route=%2Fwp%2Fv2%2Ftags&post=95101"}],"curies":[{"name":"wp","href":"https:\/\/api.w.org\/{rel}","templated":true}]}}