{"id":95093,"date":"2026-01-26T21:13:34","date_gmt":"2026-01-26T20:13:34","guid":{"rendered":"https:\/\/jugulajm.net\/?p=95093"},"modified":"2026-01-26T21:13:50","modified_gmt":"2026-01-26T20:13:50","slug":"rama-sot-ne-izrael-stha-asnje-fjale-per-planin-e-paqes-trump","status":"publish","type":"post","link":"https:\/\/jugulajm.net\/?p=95093","title":{"rendered":"Rama sot n\u00eb Izrael s&#8217;tha asnj\u00eb fjal\u00eb p\u00ebr Planin e Paqes Trump"},"content":{"rendered":"<div dir=\"auto\"><strong>Nga Tritan Shehu<\/strong><\/div>\n<div dir=\"auto\">Rama edhe sot ne Izrael nuk tha asnje fjale per Planin e Paqes Trump!!<\/div>\n<div dir=\"auto\">Edhe kur foli aty per \u201cpaqen e bashkejetesen midis palestinezeve e izraeliteve\u201d, asnje prononcim per ate plan mbi te cilin eshte mbeshtetur shpresa e paqes dhe e bashkejeteses ne ate Rajon.<\/div>\n<div dir=\"auto\">Sikur po paraqiste nje \u201cteze\u201d a kerkese personale, jashte dhe mbi Planin Trump!<\/div>\n<div dir=\"auto\">Vetem mungese realizmi te jete ky?!<\/div>\n<div dir=\"auto\">Deri me sot Rama asnjehere nuk e ka pershendetur kete plan thelbesor per paqe e stabilitet, shume me teper se per konfliktin ne Gaza ai.<\/div>\n<div dir=\"auto\">Ashtu si kane vepruar te gjithe liderat e qeverive a shteteve demokratike.<\/div>\n<div dir=\"auto\">Rama ne fakt as e ka permendur, sikur te mos egzistone ai Plan.<\/div>\n<div dir=\"auto\">Jo se kjo ja ul vleren atij Plani unik Paqeje te Presidentit Trump.<\/div>\n<div dir=\"auto\">Por ngel nje ceshtje, qe Rama duhet te jape shpjegime.<\/div>\n<div dir=\"auto\">Ku qendron aresyeja? Shume e forte duhet te jete.<\/div>\n<div dir=\"auto\">Ndersa ne lidhje me protokollin e pritjes se tij ne Izrael, ai nuk mund te personalizohet, sic ne Tirane po tentohet te behet.<\/div>\n<div dir=\"auto\">I takon shqiptareve, asaj qe ata me heroizem bene dikur gjate pushtimit nazist.<\/div>\n<div dir=\"auto\">Miqesise se ngushte e respektit te thelle, qe shqiptaret kane per Izraelin, ate vend mik demokratik, barriere ndaj terrorizmit.<\/div>\n<div dir=\"auto\">Per popullin izraelit, per ata njerez qe per dhjetra vjecare jetuan ketu ne Shqiperi me neve, ne miqesi e lidhje te pa harueshme.<\/div>\n<div dir=\"auto\">Per ate popull qe ne ngjashmeri me shqiptaret i rrezistuan \u201cdallgeve\u201d te shekujve, shtypjeve, pushtimeve te gjata e tentativave per t\u2019i zhdukur ne identitet, kulture, tradita\u2026<\/div>\n<div dir=\"auto\">Per t\u2019i tjetersuar, ashtu si tentuan te bejne me shqiptaret per qindra vite.<\/div>\n<div dir=\"auto\">Por qe ne te dy rastet deshtuan, sepse u qendrua fort e me dinjtet, pavaresisht represionit e terrorit.<\/div>\n<div dir=\"auto\">Duke bashkuar ngushtesisht keshtu njerezit e vendet tona.<\/div>\n<div dir=\"auto\">Kjo nuk mund te personalizohet e as privatizohet nga Rama, a kushdo tjeter.<\/div>\n","protected":false},"excerpt":{"rendered":"<p>Nga Tritan Shehu Rama edhe sot ne Izrael nuk tha asnje fjale per Planin e Paqes Trump!! Edhe kur foli aty per \u201cpaqen e bashkejetesen midis palestinezeve e izraeliteve\u201d, asnje prononcim per ate plan mbi te cilin eshte mbeshtetur shpresa e paqes dhe e bashkejeteses ne ate Rajon. Sikur po paraqiste nje \u201cteze\u201d a kerkese [&hellip;]<\/p>\n","protected":false},"author":5,"featured_media":95094,"comment_status":"closed","ping_status":"closed","sticky":false,"template":"","format":"standard","meta":{"footnotes":""},"categories":[34865,6326,6332],"tags":[39882,20369],"class_list":{"0":"post-95093","1":"post","2":"type-post","3":"status-publish","4":"format-standard","5":"has-post-thumbnail","7":"category-analiza","8":"category-politike","9":"category-te-fundit","10":"tag-rama-sot-ne-izrael-stha-asnje-fjale-per-planin-e-paqes-trump","11":"tag-tritan-shehu"},"_links":{"self":[{"href":"https:\/\/jugulajm.net\/index.php?rest_route=\/wp\/v2\/posts\/95093","targetHints":{"allow":["GET"]}}],"collection":[{"href":"https:\/\/jugulajm.net\/index.php?rest_route=\/wp\/v2\/posts"}],"about":[{"href":"https:\/\/jugulajm.net\/index.php?rest_route=\/wp\/v2\/types\/post"}],"author":[{"embeddable":true,"href":"https:\/\/jugulajm.net\/index.php?rest_route=\/wp\/v2\/users\/5"}],"replies":[{"embeddable":true,"href":"https:\/\/jugulajm.net\/index.php?rest_route=%2Fwp%2Fv2%2Fcomments&post=95093"}],"version-history":[{"count":2,"href":"https:\/\/jugulajm.net\/index.php?rest_route=\/wp\/v2\/posts\/95093\/revisions"}],"predecessor-version":[{"id":95096,"href":"https:\/\/jugulajm.net\/index.php?rest_route=\/wp\/v2\/posts\/95093\/revisions\/95096"}],"wp:featuredmedia":[{"embeddable":true,"href":"https:\/\/jugulajm.net\/index.php?rest_route=\/wp\/v2\/media\/95094"}],"wp:attachment":[{"href":"https:\/\/jugulajm.net\/index.php?rest_route=%2Fwp%2Fv2%2Fmedia&parent=95093"}],"wp:term":[{"taxonomy":"category","embeddable":true,"href":"https:\/\/jugulajm.net\/index.php?rest_route=%2Fwp%2Fv2%2Fcategories&post=95093"},{"taxonomy":"post_tag","embeddable":true,"href":"https:\/\/jugulajm.net\/index.php?rest_route=%2Fwp%2Fv2%2Ftags&post=95093"}],"curies":[{"name":"wp","href":"https:\/\/api.w.org\/{rel}","templated":true}]}}